{"id":26556,"date":"2023-01-07T22:23:32","date_gmt":"2023-01-08T01:23:32","guid":{"rendered":"https:\/\/www.oparanews.com.br\/?p=26556"},"modified":"2023-01-07T22:23:32","modified_gmt":"2023-01-08T01:23:32","slug":"governador-paulo-prestigia-festa-de-bom-jesus-dos-navegantes-em-penedo","status":"publish","type":"post","link":"https:\/\/www.oparanews.com.br\/index.php\/2023\/01\/07\/governador-paulo-prestigia-festa-de-bom-jesus-dos-navegantes-em-penedo\/","title":{"rendered":"Governador Paulo prestigia Festa de Bom Jesus dos Navegantes em Penedo"},"content":{"rendered":"<p>O governador Paulo Dantas prestigiou, na noite desta sexta-feira (6), a festa de Bom Jesus dos Navegantes, na cidade ribeirinha de Penedo. Acompanhado da primeira-dama, Marina Dantas, e da filha Paula Cintra Dantas, ele foi recebido pelo prefeito Ronaldo Lopes. A festa do Bom Jesus em Penedo \u00e9 uma tradi\u00e7\u00e3o que se repete h\u00e1 mais de 130 anos.<\/p>\n<p>&nbsp;<\/p>\n<p>Paulo cumprimentou os populares e concedeu entrevista \u00e0 imprensa. Ele parabenizou o prefeito Ronaldo pela organiza\u00e7\u00e3o do evento e ressaltou que o Governo vai continuar trabalhando para desenvolver ainda mais o munic\u00edpio de Penedo. &#8220;Quero parabenizar o prefeito pelo movimento cultural na promo\u00e7\u00e3o do turismo e, tamb\u00e9m, do desenvolvimento econ\u00f4mico e social. E \u00e9 uma obriga\u00e7\u00e3o nossa, do Governo de Alagoas, estar aqui conectado com a prefeitura, conectado com os interesses de Penedo, que \u00e9 um dos munic\u00edpios mais importantes do estado. Temos v\u00e1rias obras sendo tocadas aqui, em parceria com a prefeitura, e n\u00f3s vamos continuar levando esse desenvolvimento adiante, que \u00e9 o mais importante para a sociedade de Penedo, do Baixo S\u00e3o Francisco e de toda Alagoas&#8221;, afirmou.<\/p>\n<p>&nbsp;<\/p>\n<p>O prefeito Ronaldo ressaltou a parceria entre a prefeitura e o governo de Paulo Dantas para os pr\u00f3ximos quatro anos. &#8220;Estamos com uma grande parceria nessa primeira fase do governo de Paulo Dantas e n\u00e3o tenho d\u00favidas que agora nos pr\u00f3ximos quatro anos ele ser\u00e1 um grande parceiro aqui para Penedo&#8221;.<\/p>\n<p>&nbsp;<\/p>\n<p>A programa\u00e7\u00e3o art\u00edstica come\u00e7ou na quinta-feira (5). Nessa sexta-feira (6), se apresentaram Maxilene Cruz, Luan Estilizado, Bell Marques e Ra\u00ed Saia Rodada. Uma grande estrutura foi montada na orla ribeirinha, na Arena Sinimbu, dotada de \u00e1rea aberta ao p\u00fablico, camarotes e um palco pr\u00f3ximo do povo.<\/p>\n<p>&nbsp;<\/p>\n<p>A festa de Bom Jesus dos Navegantes de Penedo \u00e9 uma das mais populares festas religiosas do interior de Alagoas. A programa\u00e7\u00e3o \u00e9 dividida em dois momentos, o religioso e o art\u00edstico\/cultural, e atrai milhares de turistas que procuram o munic\u00edpio alagoano para o entretenimento, como tamb\u00e9m para a comunidade religiosa, uma vez que romeiros de v\u00e1rias partes do pa\u00eds desembarcam na cidade para a tradicional prociss\u00e3o fluvial e terrestre que \u00e9 realizada no domingo (8).<\/p>\n<p>&nbsp;<\/p>\n<p>&nbsp;<\/p>\n<p>&nbsp;<\/p>\n<p><strong>por Carlos Victor Costa \/ Ag\u00eancia Alagoas<\/strong><\/p>\n<p>&nbsp;<\/p>\n","protected":false},"excerpt":{"rendered":"<p>O governador Paulo Dantas prestigiou, na noite desta sexta-feira (6), a festa de Bom Jesus dos Navegantes, na cidade ribeirinha de Penedo. Acompanhado da primeira-dama, Marina Dantas, e da filha Paula Cintra Dantas, ele foi recebido pelo prefeito Ronaldo Lopes. A festa do Bom Jesus em Penedo \u00e9 uma tradi\u00e7\u00e3o que se repete h\u00e1 mais &hellip;<\/p>\n","protected":false},"author":2,"featured_media":26557,"comment_status":"open","ping_status":"open","sticky":false,"template":"","format":"standard","meta":{"_jetpack_memberships_contains_paid_content":false,"footnotes":""},"categories":[4,1,3],"tags":[],"class_list":["post-26556","post","type-post","status-publish","format-standard","has-post-thumbnail","hentry","category-alagoas","category-destaque","category-penedo"],"jetpack_featured_media_url":"https:\/\/www.oparanews.com.br\/wp-content\/uploads\/2023\/01\/06-01-2023-Paulo-Dantas-bom-Jesus-dos-navegantes-FB-05.jpg","jetpack_sharing_enabled":true,"_links":{"self":[{"href":"https:\/\/www.oparanews.com.br\/index.php\/wp-json\/wp\/v2\/posts\/26556","targetHints":{"allow":["GET"]}}],"collection":[{"href":"https:\/\/www.oparanews.com.br\/index.php\/wp-json\/wp\/v2\/posts"}],"about":[{"href":"https:\/\/www.oparanews.com.br\/index.php\/wp-json\/wp\/v2\/types\/post"}],"author":[{"embeddable":true,"href":"https:\/\/www.oparanews.com.br\/index.php\/wp-json\/wp\/v2\/users\/2"}],"replies":[{"embeddable":true,"href":"https:\/\/www.oparanews.com.br\/index.php\/wp-json\/wp\/v2\/comments?post=26556"}],"version-history":[{"count":1,"href":"https:\/\/www.oparanews.com.br\/index.php\/wp-json\/wp\/v2\/posts\/26556\/revisions"}],"predecessor-version":[{"id":26558,"href":"https:\/\/www.oparanews.com.br\/index.php\/wp-json\/wp\/v2\/posts\/26556\/revisions\/26558"}],"wp:featuredmedia":[{"embeddable":true,"href":"https:\/\/www.oparanews.com.br\/index.php\/wp-json\/wp\/v2\/media\/26557"}],"wp:attachment":[{"href":"https:\/\/www.oparanews.com.br\/index.php\/wp-json\/wp\/v2\/media?parent=26556"}],"wp:term":[{"taxonomy":"category","embeddable":true,"href":"https:\/\/www.oparanews.com.br\/index.php\/wp-json\/wp\/v2\/categories?post=26556"},{"taxonomy":"post_tag","embeddable":true,"href":"https:\/\/www.oparanews.com.br\/index.php\/wp-json\/wp\/v2\/tags?post=26556"}],"curies":[{"name":"wp","href":"https:\/\/api.w.org\/{rel}","templated":true}]}}