{"id":26559,"date":"2023-01-07T22:24:10","date_gmt":"2023-01-08T01:24:10","guid":{"rendered":"https:\/\/www.oparanews.com.br\/?p=26559"},"modified":"2023-01-07T22:24:10","modified_gmt":"2023-01-08T01:24:10","slug":"um-motorista-e-preso-por-embriaguez-ao-volante-durante-operacao-lei-seca-em-penedo","status":"publish","type":"post","link":"https:\/\/www.oparanews.com.br\/index.php\/2023\/01\/07\/um-motorista-e-preso-por-embriaguez-ao-volante-durante-operacao-lei-seca-em-penedo\/","title":{"rendered":"Um motorista \u00e9 preso por embriaguez ao volante durante opera\u00e7\u00e3o Lei Seca em Penedo"},"content":{"rendered":"<p>Um motorista de 42 anos foi preso por embriaguez ao volante, na madrugada deste s\u00e1bado, 7, durante a opera\u00e7\u00e3o Lei Seca realizada em Penedo, no interior de Alagoas.<\/p>\n<p>&nbsp;<\/p>\n<p>O homem fez o teste do baf\u00f4metro, que acusou 0,74 mg\/L de \u00e1lcool presente no sangue, quando o limite para n\u00e3o haver pris\u00e3o \u00e9 de 0,34 mg\/L. Ele foi preso e encaminhado ao Centro Integrado de Seguran\u00e7a P\u00fablica de Penedo.<\/p>\n<p>&nbsp;<\/p>\n<p>Outros tr\u00eas motoristas testaram positivo, mas abaixo do limite. Tamb\u00e9m houve cinco recusas ao teste do baf\u00f4metro. Todos os nove condutores foram multados e tiveram as CNHs (Carteira Nacional de Habilita\u00e7\u00e3o) recolhidas.<\/p>\n<p>&nbsp;<\/p>\n<p>Outros 43 autos de infra\u00e7\u00e3o por diversas irregularidades de tr\u00e2nsito foram lavrados durante as 115 abordagens. Os agentes de tr\u00e2nsito realizaram ao todo 126 testes de alcoolemia. A fiscaliza\u00e7\u00e3o ocorre tamb\u00e9m para refor\u00e7ar a conscientiza\u00e7\u00e3o durante a tradicional festa do Bom Jesus dos Navegantes de Penedo, que est\u00e1 sendo realizada neste final de semana.<\/p>\n<p>&nbsp;<\/p>\n<p>&nbsp;<\/p>\n<p>&nbsp;<\/p>\n<p><strong>Fonte: TNH1<\/strong><\/p>\n<p>&nbsp;<\/p>\n","protected":false},"excerpt":{"rendered":"<p>Um motorista de 42 anos foi preso por embriaguez ao volante, na madrugada deste s\u00e1bado, 7, durante a opera\u00e7\u00e3o Lei Seca realizada em Penedo, no interior de Alagoas. &nbsp; O homem fez o teste do baf\u00f4metro, que acusou 0,74 mg\/L de \u00e1lcool presente no sangue, quando o limite para n\u00e3o haver pris\u00e3o \u00e9 de 0,34 &hellip;<\/p>\n","protected":false},"author":2,"featured_media":26560,"comment_status":"open","ping_status":"open","sticky":false,"template":"","format":"standard","meta":{"_jetpack_memberships_contains_paid_content":false,"footnotes":""},"categories":[1,3],"tags":[],"class_list":["post-26559","post","type-post","status-publish","format-standard","has-post-thumbnail","hentry","category-destaque","category-penedo"],"jetpack_featured_media_url":"https:\/\/www.oparanews.com.br\/wp-content\/uploads\/2023\/01\/csm_Operacao_Lei_Seca_em_Penedo_-_foto_Lei_Seca_21ff0df48f.jpeg","jetpack_sharing_enabled":true,"_links":{"self":[{"href":"https:\/\/www.oparanews.com.br\/index.php\/wp-json\/wp\/v2\/posts\/26559","targetHints":{"allow":["GET"]}}],"collection":[{"href":"https:\/\/www.oparanews.com.br\/index.php\/wp-json\/wp\/v2\/posts"}],"about":[{"href":"https:\/\/www.oparanews.com.br\/index.php\/wp-json\/wp\/v2\/types\/post"}],"author":[{"embeddable":true,"href":"https:\/\/www.oparanews.com.br\/index.php\/wp-json\/wp\/v2\/users\/2"}],"replies":[{"embeddable":true,"href":"https:\/\/www.oparanews.com.br\/index.php\/wp-json\/wp\/v2\/comments?post=26559"}],"version-history":[{"count":1,"href":"https:\/\/www.oparanews.com.br\/index.php\/wp-json\/wp\/v2\/posts\/26559\/revisions"}],"predecessor-version":[{"id":26561,"href":"https:\/\/www.oparanews.com.br\/index.php\/wp-json\/wp\/v2\/posts\/26559\/revisions\/26561"}],"wp:featuredmedia":[{"embeddable":true,"href":"https:\/\/www.oparanews.com.br\/index.php\/wp-json\/wp\/v2\/media\/26560"}],"wp:attachment":[{"href":"https:\/\/www.oparanews.com.br\/index.php\/wp-json\/wp\/v2\/media?parent=26559"}],"wp:term":[{"taxonomy":"category","embeddable":true,"href":"https:\/\/www.oparanews.com.br\/index.php\/wp-json\/wp\/v2\/categories?post=26559"},{"taxonomy":"post_tag","embeddable":true,"href":"https:\/\/www.oparanews.com.br\/index.php\/wp-json\/wp\/v2\/tags?post=26559"}],"curies":[{"name":"wp","href":"https:\/\/api.w.org\/{rel}","templated":true}]}}