{"id":26574,"date":"2023-01-09T21:47:06","date_gmt":"2023-01-10T00:47:06","guid":{"rendered":"https:\/\/www.oparanews.com.br\/?p=26574"},"modified":"2023-01-09T21:47:06","modified_gmt":"2023-01-10T00:47:06","slug":"multidao-lota-as-ruas-de-penedo-em-devocao-ao-bom-jesus-dos-navegantes","status":"publish","type":"post","link":"https:\/\/www.oparanews.com.br\/index.php\/2023\/01\/09\/multidao-lota-as-ruas-de-penedo-em-devocao-ao-bom-jesus-dos-navegantes\/","title":{"rendered":"Multid\u00e3o lota as ruas de Penedo em devo\u00e7\u00e3o ao Bom Jesus dos Navegantes"},"content":{"rendered":"<p>Milhares de pessoas preencheram as ruas do centro hist\u00f3rico de Penedo na tarde de domingo (08), ponto alto da celebra\u00e7\u00e3o de Bom Jesus dos Navegantes, padroeiro dos ribeirinhos.<\/p>\n<p>&nbsp;<\/p>\n<p>O sol forte n\u00e3o intimidou devotos e fi\u00e9is de Bom Jesus que acompanharam as prociss\u00f5es terrestre e fluvial e participaram da santa missa no Palco da F\u00e9, estrutura montada pela Prefeitura de Penedo ao lado da Pra\u00e7a de Santa Cruz, par\u00f3quia da Diocese de Penedo que promove a maior festa religiosa de Alagoas h\u00e1 139 anos.<\/p>\n<p><a href=\"http:\/\/www.oparanews.com.br\/wp-content\/uploads\/2023\/01\/bomje4.jpeg\"><img loading=\"lazy\" decoding=\"async\" class=\"aligncenter size-full wp-image-26578\" src=\"http:\/\/www.oparanews.com.br\/wp-content\/uploads\/2023\/01\/bomje4.jpeg\" alt=\"\" width=\"800\" height=\"600\" srcset=\"https:\/\/www.oparanews.com.br\/wp-content\/uploads\/2023\/01\/bomje4.jpeg 800w, https:\/\/www.oparanews.com.br\/wp-content\/uploads\/2023\/01\/bomje4-300x225.jpeg 300w, https:\/\/www.oparanews.com.br\/wp-content\/uploads\/2023\/01\/bomje4-768x576.jpeg 768w\" sizes=\"auto, (max-width: 800px) 100vw, 800px\" \/><\/a><\/p>\n<p>Manifesta\u00e7\u00f5es de f\u00e9 e devo\u00e7\u00e3o ao santo s\u00e3o vistos a todo momento. Em agradecimento a uma cura alcan\u00e7ada, F\u00e1tima dos Santos segura firme e emocionada o carro que transporta a imagem do Bom Jesus.<\/p>\n<p>&nbsp;<\/p>\n<p>\u201cS\u00f3 sabem eu e Deus o que foi enfrentar um c\u00e2ncer. Mas Bom Jesus me ajudou e desde ent\u00e3o, sou s\u00f3 gratid\u00e3o a ele\u201d, afirmou a aposentada, que tamb\u00e9m foi na balsa acompanhando o andor.<\/p>\n<p><a href=\"http:\/\/www.oparanews.com.br\/wp-content\/uploads\/2023\/01\/bomje1.jpeg\"><img loading=\"lazy\" decoding=\"async\" class=\"aligncenter size-full wp-image-26575\" src=\"http:\/\/www.oparanews.com.br\/wp-content\/uploads\/2023\/01\/bomje1.jpeg\" alt=\"\" width=\"800\" height=\"600\" srcset=\"https:\/\/www.oparanews.com.br\/wp-content\/uploads\/2023\/01\/bomje1.jpeg 800w, https:\/\/www.oparanews.com.br\/wp-content\/uploads\/2023\/01\/bomje1-300x225.jpeg 300w, https:\/\/www.oparanews.com.br\/wp-content\/uploads\/2023\/01\/bomje1-768x576.jpeg 768w\" sizes=\"auto, (max-width: 800px) 100vw, 800px\" \/><\/a><\/p>\n<p>A romeira Maria do Carmo, de 87 anos, mora no bairro de Ipioca, em Macei\u00f3 e todos os anos vem a Penedo renovar seus votos e fazer os agradecimentos ao santo dos ribeirinhos.<\/p>\n<p>&nbsp;<\/p>\n<p>\u201cPenedo \u00e9 uma coisa linda. Essa festa \u00e9 uma alegria para os romeiros, porque se tornou um ponto de encontro de cat\u00f3licos\u201d, destaca a aposentada.<\/p>\n<p><a href=\"http:\/\/www.oparanews.com.br\/wp-content\/uploads\/2023\/01\/bomje5.jpeg\"><img loading=\"lazy\" decoding=\"async\" class=\"aligncenter size-full wp-image-26579\" src=\"http:\/\/www.oparanews.com.br\/wp-content\/uploads\/2023\/01\/bomje5.jpeg\" alt=\"\" width=\"800\" height=\"600\" srcset=\"https:\/\/www.oparanews.com.br\/wp-content\/uploads\/2023\/01\/bomje5.jpeg 800w, https:\/\/www.oparanews.com.br\/wp-content\/uploads\/2023\/01\/bomje5-300x225.jpeg 300w, https:\/\/www.oparanews.com.br\/wp-content\/uploads\/2023\/01\/bomje5-768x576.jpeg 768w\" sizes=\"auto, (max-width: 800px) 100vw, 800px\" \/><\/a><\/p>\n<p>O casal Moacir e Valdenice Oliveira, do munic\u00edpio sergipano de Ilha das Flores, tamb\u00e9m vem todos os anos acompanhar a programa\u00e7\u00e3o religiosa.<\/p>\n<p>&nbsp;<\/p>\n<p>\u201cTemos a festa de Bom Jesus em nossa cidade, mas, sem d\u00favidas, a festa de Penedo \u00e9 a mais bonita e emocionante do baixo S\u00e3o Francisco\u201d, disse Moacir, emocionado.<\/p>\n<p><a href=\"http:\/\/www.oparanews.com.br\/wp-content\/uploads\/2023\/01\/bomje6.jpeg\"><img loading=\"lazy\" decoding=\"async\" class=\"aligncenter size-full wp-image-26580\" src=\"http:\/\/www.oparanews.com.br\/wp-content\/uploads\/2023\/01\/bomje6.jpeg\" alt=\"\" width=\"800\" height=\"600\" srcset=\"https:\/\/www.oparanews.com.br\/wp-content\/uploads\/2023\/01\/bomje6.jpeg 800w, https:\/\/www.oparanews.com.br\/wp-content\/uploads\/2023\/01\/bomje6-300x225.jpeg 300w, https:\/\/www.oparanews.com.br\/wp-content\/uploads\/2023\/01\/bomje6-768x576.jpeg 768w\" sizes=\"auto, (max-width: 800px) 100vw, 800px\" \/><\/a><\/p>\n<p>Participando pela primeira vez da festa, as irm\u00e3s g\u00eameas Rafaela e Mariana Souza acompanhavam encantadas a movimenta\u00e7\u00e3o da multid\u00e3o. \u201cMuito bonito ver as pessoas fazendo suas preces\u201d, analisou a irm\u00e3 mais velha, Suzanny Aparecida, de 19 anos.<\/p>\n<p><a href=\"http:\/\/www.oparanews.com.br\/wp-content\/uploads\/2023\/01\/bomje3.jpeg\"><img loading=\"lazy\" decoding=\"async\" class=\"aligncenter size-full wp-image-26577\" src=\"http:\/\/www.oparanews.com.br\/wp-content\/uploads\/2023\/01\/bomje3.jpeg\" alt=\"\" width=\"800\" height=\"600\" srcset=\"https:\/\/www.oparanews.com.br\/wp-content\/uploads\/2023\/01\/bomje3.jpeg 800w, https:\/\/www.oparanews.com.br\/wp-content\/uploads\/2023\/01\/bomje3-300x225.jpeg 300w, https:\/\/www.oparanews.com.br\/wp-content\/uploads\/2023\/01\/bomje3-768x576.jpeg 768w\" sizes=\"auto, (max-width: 800px) 100vw, 800px\" \/><\/a><\/p>\n<p>A dona de casa Rafaela dos Santos levou os filhos, Bernardo e Ben\u00edcio, de 2 anos, para receber as ben\u00e7\u00e3os de Bom Jesus. Moradora da comunidade de Santa Luzia, ela destacou a import\u00e2ncia do momento para o povo penedense. \u201c\u00c9 hora de renovar a f\u00e9 e seguir pedindo prote\u00e7\u00e3o\u201d, afirmou.<\/p>\n<p><a href=\"http:\/\/www.oparanews.com.br\/wp-content\/uploads\/2023\/01\/bomje2.jpeg\"><img loading=\"lazy\" decoding=\"async\" class=\"aligncenter size-full wp-image-26576\" src=\"http:\/\/www.oparanews.com.br\/wp-content\/uploads\/2023\/01\/bomje2.jpeg\" alt=\"\" width=\"800\" height=\"600\" srcset=\"https:\/\/www.oparanews.com.br\/wp-content\/uploads\/2023\/01\/bomje2.jpeg 800w, https:\/\/www.oparanews.com.br\/wp-content\/uploads\/2023\/01\/bomje2-300x225.jpeg 300w, https:\/\/www.oparanews.com.br\/wp-content\/uploads\/2023\/01\/bomje2-768x576.jpeg 768w\" sizes=\"auto, (max-width: 800px) 100vw, 800px\" \/><\/a><\/p>\n<p>Para o povo penedense, o ano come\u00e7a ap\u00f3s os festejos de Bom Jesus dos Navegantes. \u201c\u00c9 agora, passadas as festas, que o ano come\u00e7a para n\u00f3s. Essa marca\u00e7\u00e3o \u00e9 importante para nosso povo, que se sente protegido e aben\u00e7oado pelo santo padroeiro\u201d, destacou a aut\u00f4noma Fernanda Regueira.<\/p>\n<p><a href=\"http:\/\/www.oparanews.com.br\/wp-content\/uploads\/2023\/01\/bomje7.jpeg\"><img loading=\"lazy\" decoding=\"async\" class=\"aligncenter size-full wp-image-26581\" src=\"http:\/\/www.oparanews.com.br\/wp-content\/uploads\/2023\/01\/bomje7.jpeg\" alt=\"\" width=\"800\" height=\"600\" srcset=\"https:\/\/www.oparanews.com.br\/wp-content\/uploads\/2023\/01\/bomje7.jpeg 800w, https:\/\/www.oparanews.com.br\/wp-content\/uploads\/2023\/01\/bomje7-300x225.jpeg 300w, https:\/\/www.oparanews.com.br\/wp-content\/uploads\/2023\/01\/bomje7-768x576.jpeg 768w\" sizes=\"auto, (max-width: 800px) 100vw, 800px\" \/><\/a><\/p>\n<p>A festa ainda garante visibilidade e renda extra para os artistas locais. O escultor de miniaturas de barcos e balsas, Jo\u00e3o Soares, vendeu todas as pe\u00e7as que produziu em homenagem a festa.<\/p>\n<p>&nbsp;<\/p>\n<p>\u201cA cidade fica cheia de romeiros, de v\u00e1rias partes do Nordeste, e eles sempre querem levar uma lembran\u00e7a deste momento t\u00e3o maravilhoso\u201d, disse.<\/p>\n<p>&nbsp;<\/p>\n<p>&nbsp;<\/p>\n<p>&nbsp;<\/p>\n<p><strong>Fonte: Secom PMP<\/strong><\/p>\n<p>&nbsp;<\/p>\n","protected":false},"excerpt":{"rendered":"<p>Milhares de pessoas preencheram as ruas do centro hist\u00f3rico de Penedo na tarde de domingo (08), ponto alto da celebra\u00e7\u00e3o de Bom Jesus dos Navegantes, padroeiro dos ribeirinhos. &nbsp; O sol forte n\u00e3o intimidou devotos e fi\u00e9is de Bom Jesus que acompanharam as prociss\u00f5es terrestre e fluvial e participaram da santa missa no Palco da &hellip;<\/p>\n","protected":false},"author":2,"featured_media":26582,"comment_status":"open","ping_status":"open","sticky":false,"template":"","format":"standard","meta":{"_jetpack_memberships_contains_paid_content":false,"footnotes":""},"categories":[1,3],"tags":[],"class_list":["post-26574","post","type-post","status-publish","format-standard","has-post-thumbnail","hentry","category-destaque","category-penedo"],"jetpack_featured_media_url":"https:\/\/www.oparanews.com.br\/wp-content\/uploads\/2023\/01\/Bom-Jesus-dos-Navegantes-Penedo.jpg","jetpack_sharing_enabled":true,"_links":{"self":[{"href":"https:\/\/www.oparanews.com.br\/index.php\/wp-json\/wp\/v2\/posts\/26574","targetHints":{"allow":["GET"]}}],"collection":[{"href":"https:\/\/www.oparanews.com.br\/index.php\/wp-json\/wp\/v2\/posts"}],"about":[{"href":"https:\/\/www.oparanews.com.br\/index.php\/wp-json\/wp\/v2\/types\/post"}],"author":[{"embeddable":true,"href":"https:\/\/www.oparanews.com.br\/index.php\/wp-json\/wp\/v2\/users\/2"}],"replies":[{"embeddable":true,"href":"https:\/\/www.oparanews.com.br\/index.php\/wp-json\/wp\/v2\/comments?post=26574"}],"version-history":[{"count":1,"href":"https:\/\/www.oparanews.com.br\/index.php\/wp-json\/wp\/v2\/posts\/26574\/revisions"}],"predecessor-version":[{"id":26583,"href":"https:\/\/www.oparanews.com.br\/index.php\/wp-json\/wp\/v2\/posts\/26574\/revisions\/26583"}],"wp:featuredmedia":[{"embeddable":true,"href":"https:\/\/www.oparanews.com.br\/index.php\/wp-json\/wp\/v2\/media\/26582"}],"wp:attachment":[{"href":"https:\/\/www.oparanews.com.br\/index.php\/wp-json\/wp\/v2\/media?parent=26574"}],"wp:term":[{"taxonomy":"category","embeddable":true,"href":"https:\/\/www.oparanews.com.br\/index.php\/wp-json\/wp\/v2\/categories?post=26574"},{"taxonomy":"post_tag","embeddable":true,"href":"https:\/\/www.oparanews.com.br\/index.php\/wp-json\/wp\/v2\/tags?post=26574"}],"curies":[{"name":"wp","href":"https:\/\/api.w.org\/{rel}","templated":true}]}}