{"id":26608,"date":"2023-01-11T14:45:15","date_gmt":"2023-01-11T17:45:15","guid":{"rendered":"https:\/\/www.oparanews.com.br\/?p=26608"},"modified":"2023-01-11T14:45:15","modified_gmt":"2023-01-11T17:45:15","slug":"bom-jesus-dos-navegantes-injeta-cerca-de-r-30-milhoes-na-economia-de-penedo","status":"publish","type":"post","link":"https:\/\/www.oparanews.com.br\/index.php\/2023\/01\/11\/bom-jesus-dos-navegantes-injeta-cerca-de-r-30-milhoes-na-economia-de-penedo\/","title":{"rendered":"Bom Jesus dos Navegantes injeta cerca de R$ 30 milh\u00f5es na economia de Penedo"},"content":{"rendered":"<p>A 139\u00aa Festa de Bom Jesus dos Navegantes em Penedo confirma sua condi\u00e7\u00e3o de melhor e maior evento da cidade e regi\u00e3o do Baixo S\u00e3o Francisco.<\/p>\n<p>&nbsp;<\/p>\n<p>A manuten\u00e7\u00e3o da tradi\u00e7\u00e3o religiosa, com a inclus\u00e3o de programa\u00e7\u00e3o art\u00edstica e cultural, atrai milhares de pessoas para Penedo, o que significa mais dinheiro circulando no munic\u00edpio.<\/p>\n<p>&nbsp;<\/p>\n<p>De acordo com a Secretaria Municipal de Desenvolvimento Econ\u00f4mico, Ind\u00fastria e Com\u00e9rcio (Sedecin), aproximadamente R$ 30.000.000,00 (trinta milh\u00f5es de reais) foram injetados na economia penedense.<\/p>\n<p>&nbsp;<\/p>\n<p>A \u00f3tima not\u00edcia foi divulgada pelo Prefeito Ronaldo Lopes nesta quarta-feira, 11, durante entrevista ao radialista e Vice-Prefeito Jo\u00e3o Lucas, no programa Realidade (Penedo FM).<\/p>\n<p><a href=\"http:\/\/www.oparanews.com.br\/wp-content\/uploads\/2023\/01\/ronaldo-lopes-joao-lucas-696x522-1.jpeg\"><img loading=\"lazy\" decoding=\"async\" class=\"aligncenter size-full wp-image-26610\" src=\"http:\/\/www.oparanews.com.br\/wp-content\/uploads\/2023\/01\/ronaldo-lopes-joao-lucas-696x522-1.jpeg\" alt=\"\" width=\"696\" height=\"522\" srcset=\"https:\/\/www.oparanews.com.br\/wp-content\/uploads\/2023\/01\/ronaldo-lopes-joao-lucas-696x522-1.jpeg 696w, https:\/\/www.oparanews.com.br\/wp-content\/uploads\/2023\/01\/ronaldo-lopes-joao-lucas-696x522-1-300x225.jpeg 300w\" sizes=\"auto, (max-width: 696px) 100vw, 696px\" \/><\/a><\/p>\n<p>O com\u00e9rcio local comemora o aumento em sua vendas no percentual de 60%, incremento em rela\u00e7\u00e3o ao seu per\u00edodo normal, sem festas ou datas comemorativas.<\/p>\n<p>&nbsp;<\/p>\n<p>O sucesso do evento come\u00e7ou com a determina\u00e7\u00e3o de Ronaldo Lopes em aumentar o espa\u00e7o para o p\u00fablico na arena dos shows instalada na orla.<\/p>\n<p>&nbsp;<\/p>\n<p>De acordo com a Pol\u00edcia Militar, cerca de 70 mil pessoas estiveram no local de acesso gratuito em cada noite da programa\u00e7\u00e3o de alto n\u00edvel, inclusive com artistas de Penedo.<\/p>\n<p>&nbsp;<\/p>\n<p>Os tr\u00eas dias de programa\u00e7\u00e3o art\u00edstica do Bom Jesus de Penedo colocou aproximadamente 210 mil pessoas na arena e mais dez mil na arquibancada, sem nenhuma ocorr\u00eancia de maior gravidade registrada pela Pol\u00edcia Militar.<\/p>\n<p>&nbsp;<\/p>\n<p>&nbsp;<\/p>\n<p>&nbsp;<\/p>\n<p>&nbsp;<\/p>\n<p><strong>Fonte: Secom PMP<\/strong><\/p>\n<p>&nbsp;<\/p>\n","protected":false},"excerpt":{"rendered":"<p>A 139\u00aa Festa de Bom Jesus dos Navegantes em Penedo confirma sua condi\u00e7\u00e3o de melhor e maior evento da cidade e regi\u00e3o do Baixo S\u00e3o Francisco. &nbsp; A manuten\u00e7\u00e3o da tradi\u00e7\u00e3o religiosa, com a inclus\u00e3o de programa\u00e7\u00e3o art\u00edstica e cultural, atrai milhares de pessoas para Penedo, o que significa mais dinheiro circulando no munic\u00edpio. &nbsp; &hellip;<\/p>\n","protected":false},"author":2,"featured_media":26609,"comment_status":"open","ping_status":"open","sticky":false,"template":"","format":"standard","meta":{"_jetpack_memberships_contains_paid_content":false,"footnotes":""},"categories":[1,3],"tags":[],"class_list":["post-26608","post","type-post","status-publish","format-standard","has-post-thumbnail","hentry","category-destaque","category-penedo"],"jetpack_featured_media_url":"https:\/\/www.oparanews.com.br\/wp-content\/uploads\/2023\/01\/bom-jesus-penedo-2023.jpeg","jetpack_sharing_enabled":true,"_links":{"self":[{"href":"https:\/\/www.oparanews.com.br\/index.php\/wp-json\/wp\/v2\/posts\/26608","targetHints":{"allow":["GET"]}}],"collection":[{"href":"https:\/\/www.oparanews.com.br\/index.php\/wp-json\/wp\/v2\/posts"}],"about":[{"href":"https:\/\/www.oparanews.com.br\/index.php\/wp-json\/wp\/v2\/types\/post"}],"author":[{"embeddable":true,"href":"https:\/\/www.oparanews.com.br\/index.php\/wp-json\/wp\/v2\/users\/2"}],"replies":[{"embeddable":true,"href":"https:\/\/www.oparanews.com.br\/index.php\/wp-json\/wp\/v2\/comments?post=26608"}],"version-history":[{"count":1,"href":"https:\/\/www.oparanews.com.br\/index.php\/wp-json\/wp\/v2\/posts\/26608\/revisions"}],"predecessor-version":[{"id":26611,"href":"https:\/\/www.oparanews.com.br\/index.php\/wp-json\/wp\/v2\/posts\/26608\/revisions\/26611"}],"wp:featuredmedia":[{"embeddable":true,"href":"https:\/\/www.oparanews.com.br\/index.php\/wp-json\/wp\/v2\/media\/26609"}],"wp:attachment":[{"href":"https:\/\/www.oparanews.com.br\/index.php\/wp-json\/wp\/v2\/media?parent=26608"}],"wp:term":[{"taxonomy":"category","embeddable":true,"href":"https:\/\/www.oparanews.com.br\/index.php\/wp-json\/wp\/v2\/categories?post=26608"},{"taxonomy":"post_tag","embeddable":true,"href":"https:\/\/www.oparanews.com.br\/index.php\/wp-json\/wp\/v2\/tags?post=26608"}],"curies":[{"name":"wp","href":"https:\/\/api.w.org\/{rel}","templated":true}]}}