{"id":26615,"date":"2023-01-11T14:54:12","date_gmt":"2023-01-11T17:54:12","guid":{"rendered":"https:\/\/www.oparanews.com.br\/?p=26615"},"modified":"2023-01-11T14:54:12","modified_gmt":"2023-01-11T17:54:12","slug":"prefeitura-de-penedo-realiza-aulas-de-reforco-durante-ferias-escolar","status":"publish","type":"post","link":"https:\/\/www.oparanews.com.br\/index.php\/2023\/01\/11\/prefeitura-de-penedo-realiza-aulas-de-reforco-durante-ferias-escolar\/","title":{"rendered":"Prefeitura de Penedo realiza aulas de refor\u00e7o durante f\u00e9rias escolar"},"content":{"rendered":"<p>A Prefeitura de Penedo, por meio da Secretaria Municipal da Educa\u00e7\u00e3o (Semed), realiza o Programa de Recomposi\u00e7\u00e3o de Aprendizagem durante as f\u00e9rias dos estudantes.<\/p>\n<p>&nbsp;<\/p>\n<p>\u201cEsse programa \u00e9 voltado para atender os alunos, principalmente nas mat\u00e9rias Portugu\u00eas e Matem\u00e1tica. Nossas equipes t\u00e9cnicas selecionaram estudantes com dificuldades para que estejam aptos a fazer a Prova Brasil e tamb\u00e9m para suas vidas\u201d, disse Sara Ferreira, coordenadora do Projeto Escola 10, da Escola Municipal de Educa\u00e7\u00e3o B\u00e1sica Vereador Jos\u00e9 da Costa Mangabeira.<\/p>\n<p>&nbsp;<\/p>\n<p>A recomposi\u00e7\u00e3o atende 398 estudantes que eram dos 4\u00b0 ano e em 2023 cursar\u00e3o o 5\u00b0 ano, recebendo aulas de refor\u00e7o nos per\u00edodos matutino e vespertino, inclusive com oferta de alimenta\u00e7\u00e3o escolar.<\/p>\n<p>&nbsp;<\/p>\n<p>As aulas acontecem em todas as escolas da rede municipal de ensino da Semed Penedo. \u201cEsse projeto \u00e9 fundamental para o melhor desenvolvimento da leitura e escrita\u201d, afirma a professora Joseline Santos.<\/p>\n<p>&nbsp;<\/p>\n<p>Ressaltando tamb\u00e9m que estudantes do 9\u00ba ano tamb\u00e9m ter\u00e3o esse refor\u00e7o, visando as provas e a qualifica\u00e7\u00e3o no \u00cdndice de Desenvolvimento da Educa\u00e7\u00e3o B\u00e1sica (IDEB).<\/p>\n<p>&nbsp;<\/p>\n<p>&nbsp;<\/p>\n<p>&nbsp;<\/p>\n<p>&nbsp;<\/p>\n<p><strong>Fonte: Secom PMP<\/strong><\/p>\n<p>&nbsp;<\/p>\n","protected":false},"excerpt":{"rendered":"<p>A Prefeitura de Penedo, por meio da Secretaria Municipal da Educa\u00e7\u00e3o (Semed), realiza o Programa de Recomposi\u00e7\u00e3o de Aprendizagem durante as f\u00e9rias dos estudantes. &nbsp; \u201cEsse programa \u00e9 voltado para atender os alunos, principalmente nas mat\u00e9rias Portugu\u00eas e Matem\u00e1tica. Nossas equipes t\u00e9cnicas selecionaram estudantes com dificuldades para que estejam aptos a fazer a Prova Brasil &hellip;<\/p>\n","protected":false},"author":2,"featured_media":26616,"comment_status":"open","ping_status":"open","sticky":false,"template":"","format":"standard","meta":{"_jetpack_memberships_contains_paid_content":false,"footnotes":""},"categories":[1,3],"tags":[],"class_list":["post-26615","post","type-post","status-publish","format-standard","has-post-thumbnail","hentry","category-destaque","category-penedo"],"jetpack_featured_media_url":"https:\/\/www.oparanews.com.br\/wp-content\/uploads\/2023\/01\/02.jpg","jetpack_sharing_enabled":true,"_links":{"self":[{"href":"https:\/\/www.oparanews.com.br\/index.php\/wp-json\/wp\/v2\/posts\/26615","targetHints":{"allow":["GET"]}}],"collection":[{"href":"https:\/\/www.oparanews.com.br\/index.php\/wp-json\/wp\/v2\/posts"}],"about":[{"href":"https:\/\/www.oparanews.com.br\/index.php\/wp-json\/wp\/v2\/types\/post"}],"author":[{"embeddable":true,"href":"https:\/\/www.oparanews.com.br\/index.php\/wp-json\/wp\/v2\/users\/2"}],"replies":[{"embeddable":true,"href":"https:\/\/www.oparanews.com.br\/index.php\/wp-json\/wp\/v2\/comments?post=26615"}],"version-history":[{"count":1,"href":"https:\/\/www.oparanews.com.br\/index.php\/wp-json\/wp\/v2\/posts\/26615\/revisions"}],"predecessor-version":[{"id":26617,"href":"https:\/\/www.oparanews.com.br\/index.php\/wp-json\/wp\/v2\/posts\/26615\/revisions\/26617"}],"wp:featuredmedia":[{"embeddable":true,"href":"https:\/\/www.oparanews.com.br\/index.php\/wp-json\/wp\/v2\/media\/26616"}],"wp:attachment":[{"href":"https:\/\/www.oparanews.com.br\/index.php\/wp-json\/wp\/v2\/media?parent=26615"}],"wp:term":[{"taxonomy":"category","embeddable":true,"href":"https:\/\/www.oparanews.com.br\/index.php\/wp-json\/wp\/v2\/categories?post=26615"},{"taxonomy":"post_tag","embeddable":true,"href":"https:\/\/www.oparanews.com.br\/index.php\/wp-json\/wp\/v2\/tags?post=26615"}],"curies":[{"name":"wp","href":"https:\/\/api.w.org\/{rel}","templated":true}]}}