{"id":26621,"date":"2023-01-12T11:41:56","date_gmt":"2023-01-12T14:41:56","guid":{"rendered":"https:\/\/www.oparanews.com.br\/?p=26621"},"modified":"2023-01-12T11:41:56","modified_gmt":"2023-01-12T14:41:56","slug":"prefeito-ronaldo-lopes-anuncia-rateio-de-r-15-milhoes-para-servidores-da-educacao","status":"publish","type":"post","link":"https:\/\/www.oparanews.com.br\/index.php\/2023\/01\/12\/prefeito-ronaldo-lopes-anuncia-rateio-de-r-15-milhoes-para-servidores-da-educacao\/","title":{"rendered":"Prefeito Ronaldo Lopes anuncia rateio de R$ 15 milh\u00f5es para servidores da Educa\u00e7\u00e3o"},"content":{"rendered":"<p>O Prefeito Ronaldo Lopes acabou de divulgar em seu Instagram o maior valor de rateio pago para servidores da Educa\u00e7\u00e3o na hist\u00f3ria da Prefeitura de Penedo.<\/p>\n<p>&nbsp;<\/p>\n<p>A sobra de recursos do Fundo Nacional de Desenvolvimento da Educa\u00e7\u00e3o B\u00e1sica (Fundeb) alcan\u00e7a a soma de R$ 15.000.00,00 (quinze milh\u00f5es e quatrocentos mil reais), quase o triplo do rateio do ano passado.<\/p>\n<p>&nbsp;<\/p>\n<p>O novo recorde hist\u00f3rico do Governo Ronaldo Lopes beneficia servidores efetivos e contratados da Secretaria Municipal de Educa\u00e7\u00e3o (Semed).<\/p>\n<p>&nbsp;<\/p>\n<p>Al\u00e9m dos profissionais do magist\u00e9rio, o rateio da Educa\u00e7\u00e3o ser\u00e1 distribu\u00eddo para auxiliar de sala, cuidador, monitor, motorista do transporte escolar, agente administrativo, secret\u00e1rio escolar, nutricionista, merendeira, servi\u00e7os gerais e porteiro.<\/p>\n<p>&nbsp;<\/p>\n<p>De acordo com Ronaldo Lopes, o pagamento do rateio da Educa\u00e7\u00e3o estar\u00e1 dispon\u00edvel na conta de cada servidor da Semed at\u00e9 segunda-feira, 16.<\/p>\n<p>&nbsp;<\/p>\n<p>&nbsp;<\/p>\n<p>&nbsp;<\/p>\n<p><strong>Fonte: Secom PMP<\/strong><\/p>\n<p>&nbsp;<\/p>\n","protected":false},"excerpt":{"rendered":"<p>O Prefeito Ronaldo Lopes acabou de divulgar em seu Instagram o maior valor de rateio pago para servidores da Educa\u00e7\u00e3o na hist\u00f3ria da Prefeitura de Penedo. &nbsp; A sobra de recursos do Fundo Nacional de Desenvolvimento da Educa\u00e7\u00e3o B\u00e1sica (Fundeb) alcan\u00e7a a soma de R$ 15.000.00,00 (quinze milh\u00f5es e quatrocentos mil reais), quase o triplo &hellip;<\/p>\n","protected":false},"author":2,"featured_media":26622,"comment_status":"open","ping_status":"open","sticky":false,"template":"","format":"standard","meta":{"_jetpack_memberships_contains_paid_content":false,"footnotes":""},"categories":[1,3],"tags":[],"class_list":["post-26621","post","type-post","status-publish","format-standard","has-post-thumbnail","hentry","category-destaque","category-penedo"],"jetpack_featured_media_url":"https:\/\/www.oparanews.com.br\/wp-content\/uploads\/2023\/01\/ronaldo-lopes-anuncia-rateio-fundeb.jpeg","jetpack_sharing_enabled":true,"_links":{"self":[{"href":"https:\/\/www.oparanews.com.br\/index.php\/wp-json\/wp\/v2\/posts\/26621","targetHints":{"allow":["GET"]}}],"collection":[{"href":"https:\/\/www.oparanews.com.br\/index.php\/wp-json\/wp\/v2\/posts"}],"about":[{"href":"https:\/\/www.oparanews.com.br\/index.php\/wp-json\/wp\/v2\/types\/post"}],"author":[{"embeddable":true,"href":"https:\/\/www.oparanews.com.br\/index.php\/wp-json\/wp\/v2\/users\/2"}],"replies":[{"embeddable":true,"href":"https:\/\/www.oparanews.com.br\/index.php\/wp-json\/wp\/v2\/comments?post=26621"}],"version-history":[{"count":1,"href":"https:\/\/www.oparanews.com.br\/index.php\/wp-json\/wp\/v2\/posts\/26621\/revisions"}],"predecessor-version":[{"id":26623,"href":"https:\/\/www.oparanews.com.br\/index.php\/wp-json\/wp\/v2\/posts\/26621\/revisions\/26623"}],"wp:featuredmedia":[{"embeddable":true,"href":"https:\/\/www.oparanews.com.br\/index.php\/wp-json\/wp\/v2\/media\/26622"}],"wp:attachment":[{"href":"https:\/\/www.oparanews.com.br\/index.php\/wp-json\/wp\/v2\/media?parent=26621"}],"wp:term":[{"taxonomy":"category","embeddable":true,"href":"https:\/\/www.oparanews.com.br\/index.php\/wp-json\/wp\/v2\/categories?post=26621"},{"taxonomy":"post_tag","embeddable":true,"href":"https:\/\/www.oparanews.com.br\/index.php\/wp-json\/wp\/v2\/tags?post=26621"}],"curies":[{"name":"wp","href":"https:\/\/api.w.org\/{rel}","templated":true}]}}