{"id":26630,"date":"2023-01-13T10:59:40","date_gmt":"2023-01-13T13:59:40","guid":{"rendered":"https:\/\/www.oparanews.com.br\/?p=26630"},"modified":"2023-01-13T10:59:40","modified_gmt":"2023-01-13T13:59:40","slug":"secretaria-municipal-de-saude-inicia-mutiroes-contra-a-dengue-em-penedo","status":"publish","type":"post","link":"https:\/\/www.oparanews.com.br\/index.php\/2023\/01\/13\/secretaria-municipal-de-saude-inicia-mutiroes-contra-a-dengue-em-penedo\/","title":{"rendered":"Secretaria Municipal de Sa\u00fade inicia mutir\u00f5es contra a dengue em Penedo"},"content":{"rendered":"<p>A batalha contra o mosquito Aedes Aegypti, respons\u00e1vel por transmitir doen\u00e7as como dengue, zika e chikungunya, \u00e9 constante em Penedo. Nesta quinta-feira (12), a Secretaria Municipal de Sa\u00fade (SEMS) iniciou os mutir\u00f5es contra a dengue nos bairros da cidade.<\/p>\n<p>&nbsp;<\/p>\n<p>A primeira localidade foi o Bairro Santa Cec\u00edlia, conhecido como Matadouro, onde os agentes de endemias visitaram as casas em buscas de focos da dengue e orientando os moradores sobre a import\u00e2ncia de eliminar a \u00e1gua parada e manter os quintais limpos.<\/p>\n<p>&nbsp;<\/p>\n<p>\u201cEu sempre deixo os agentes entrarem aqui em casa e mostro com orgulho meu quintal limpo. Est\u00e1 sempre limpo para n\u00e3o deixar o mosquito nascer. S\u00f3 o p\u00e9 de acerola que suja um pouco, mas n\u00e3o deixo \u00e1gua parada aqui\u201d, disse Dona Maria de F\u00e1tima ao receber um dos agentes.<\/p>\n<p>&nbsp;<\/p>\n<p>No primeiro semestre deste ano, a SEMS ir\u00e1 realizar doze a\u00e7\u00f5es contra a dengue. A Superintendente da Vigil\u00e2ncia em Sa\u00fade, Jamilla Gabriela Santos Peixoto, alertou para as pessoas ficarem atentas porque logo os agentes de endemias podem estar no seu bairro.<\/p>\n<p>&nbsp;<\/p>\n<p>\u201cEm parceria com a Secretaria de Servi\u00e7os P\u00fablicos, estamos iniciando nossas a\u00e7\u00f5es preventivas de combate \u00e0 dengue. A\u00e7\u00f5es como essas foram desenvolvidas em 2021 e 2022 e surtiram um efeito positivo na diminui\u00e7\u00e3o dos focos do mosquito, bem como nas notifica\u00e7\u00f5es de pessoas com a doen\u00e7a\u201d, disse a Superintendente Jamilla Peixoto.<\/p>\n<p>&nbsp;<\/p>\n<p>Confira o cronograma dos mutir\u00f5es, lembrando que as datas podem sofrer altera\u00e7\u00f5es:<\/p>\n<p>&nbsp;<\/p>\n<p>25\/01 \u2013 Santa Izabel (Cacimbinha)<\/p>\n<p>08\/02 \u2013 Santo Ant\u00f4nio (Barro Vermelho)<\/p>\n<p>28\/02 \u2013 Santa Luzia (Barro Duro)<\/p>\n<p>15\/03 \u2013 Vila Matias<\/p>\n<p>29\/03 \u2013 Castro Alves (Bititinga)<\/p>\n<p>11\/04 \u2013 Vit\u00f3ria<\/p>\n<p>26\/04 \u2013 S\u00e3o Jos\u00e9<\/p>\n<p>10\/05 \u2013 Senhor do Bonfim (Oiteiro)<\/p>\n<p>24\/05 \u2013 Madre Esp\u00edrito Santo e Lot. S\u00e3o Gon\u00e7alo<\/p>\n<p>14\/06 \u2013 Rosete Andrade<\/p>\n<p>28\/06 \u2013 Centro<\/p>\n<p>&nbsp;<\/p>\n<p>&nbsp;<\/p>\n<p>&nbsp;<\/p>\n<p>&nbsp;<\/p>\n<p><strong>Fonte: Secom PMP<\/strong><\/p>\n<p>&nbsp;<\/p>\n","protected":false},"excerpt":{"rendered":"<p>A batalha contra o mosquito Aedes Aegypti, respons\u00e1vel por transmitir doen\u00e7as como dengue, zika e chikungunya, \u00e9 constante em Penedo. Nesta quinta-feira (12), a Secretaria Municipal de Sa\u00fade (SEMS) iniciou os mutir\u00f5es contra a dengue nos bairros da cidade. &nbsp; A primeira localidade foi o Bairro Santa Cec\u00edlia, conhecido como Matadouro, onde os agentes de &hellip;<\/p>\n","protected":false},"author":2,"featured_media":26631,"comment_status":"open","ping_status":"open","sticky":false,"template":"","format":"standard","meta":{"_jetpack_memberships_contains_paid_content":false,"footnotes":""},"categories":[1,3],"tags":[],"class_list":["post-26630","post","type-post","status-publish","format-standard","has-post-thumbnail","hentry","category-destaque","category-penedo"],"jetpack_featured_media_url":"https:\/\/www.oparanews.com.br\/wp-content\/uploads\/2023\/01\/penedo-sems-combate-dengue-4-1068x712-1.jpeg","jetpack_sharing_enabled":true,"_links":{"self":[{"href":"https:\/\/www.oparanews.com.br\/index.php\/wp-json\/wp\/v2\/posts\/26630","targetHints":{"allow":["GET"]}}],"collection":[{"href":"https:\/\/www.oparanews.com.br\/index.php\/wp-json\/wp\/v2\/posts"}],"about":[{"href":"https:\/\/www.oparanews.com.br\/index.php\/wp-json\/wp\/v2\/types\/post"}],"author":[{"embeddable":true,"href":"https:\/\/www.oparanews.com.br\/index.php\/wp-json\/wp\/v2\/users\/2"}],"replies":[{"embeddable":true,"href":"https:\/\/www.oparanews.com.br\/index.php\/wp-json\/wp\/v2\/comments?post=26630"}],"version-history":[{"count":1,"href":"https:\/\/www.oparanews.com.br\/index.php\/wp-json\/wp\/v2\/posts\/26630\/revisions"}],"predecessor-version":[{"id":26632,"href":"https:\/\/www.oparanews.com.br\/index.php\/wp-json\/wp\/v2\/posts\/26630\/revisions\/26632"}],"wp:featuredmedia":[{"embeddable":true,"href":"https:\/\/www.oparanews.com.br\/index.php\/wp-json\/wp\/v2\/media\/26631"}],"wp:attachment":[{"href":"https:\/\/www.oparanews.com.br\/index.php\/wp-json\/wp\/v2\/media?parent=26630"}],"wp:term":[{"taxonomy":"category","embeddable":true,"href":"https:\/\/www.oparanews.com.br\/index.php\/wp-json\/wp\/v2\/categories?post=26630"},{"taxonomy":"post_tag","embeddable":true,"href":"https:\/\/www.oparanews.com.br\/index.php\/wp-json\/wp\/v2\/tags?post=26630"}],"curies":[{"name":"wp","href":"https:\/\/api.w.org\/{rel}","templated":true}]}}