{"id":26655,"date":"2023-01-16T21:20:00","date_gmt":"2023-01-17T00:20:00","guid":{"rendered":"https:\/\/www.oparanews.com.br\/?p=26655"},"modified":"2023-01-16T21:20:00","modified_gmt":"2023-01-17T00:20:00","slug":"prefeitura-de-penedo-lanca-calendario-2023-de-tributos","status":"publish","type":"post","link":"https:\/\/www.oparanews.com.br\/index.php\/2023\/01\/16\/prefeitura-de-penedo-lanca-calendario-2023-de-tributos\/","title":{"rendered":"Prefeitura de Penedo lan\u00e7a calend\u00e1rio 2023 de tributos"},"content":{"rendered":"<p>A Superintend\u00eancia de Tributos da Prefeitura de Penedo publicou no Di\u00e1rio Oficial do Munic\u00edpio o Decreto n\u00ba 826\/2023 que estabelece as datas de lan\u00e7amento, os prazos e as condi\u00e7\u00f5es para o pagamento dos tributos.<\/p>\n<p>&nbsp;<\/p>\n<p>Para facilitar os pagamentos do IPTU- Imposto Predial e Territorial Urbano e do ISSQN \u2013 Imposto Sobre Servi\u00e7os de Qualquer Natureza podem ser parcelados e, em breve, com uso do pix.<\/p>\n<p>&nbsp;<\/p>\n<p>A utiliza\u00e7\u00e3o dessas ferramentas s\u00f3 depende da conclus\u00e3o de adequa\u00e7\u00e3o no sistema da rede banc\u00e1ria, mais uma etapa do processo de moderniza\u00e7\u00e3o no funcionamento da m\u00e1quina p\u00fablica municipal.<\/p>\n<p>&nbsp;<\/p>\n<p>A primeira parcela do IPTU vence em 31 de maio de 2023, mesma data limite para quitar a cota \u00fanica com desconto de at\u00e9 20%. Os carn\u00eas ser\u00e3o enviados para o endere\u00e7o informado pelo contribuinte e tamb\u00e9m est\u00e3o dispon\u00edveis no seguinte link.<\/p>\n<p>&nbsp;<\/p>\n<p>Quem preferir, pode retirar o carn\u00ea na sede da Departamento Municipal de Tributos, localizada na Avenida Get\u00falio Vargas, n\u00ba 589, no hor\u00e1rio das 08h \u00e0s 14h.<\/p>\n<p>&nbsp;<\/p>\n<p>Confira abaixo do Decreto Municipal na \u00edntegra<\/p>\n<p>&nbsp;<\/p>\n<p><a href=\"https:\/\/penedo.al.gov.br\/wp-content\/uploads\/2023\/01\/Calendario-Tributos-Prefeitura-de-Penedo-2023.pdf\"><strong>Calend\u00e1rio Tributos Prefeitura de Penedo 2023<\/strong><\/a><\/p>\n<p>&nbsp;<\/p>\n<p>&nbsp;<\/p>\n<p>&nbsp;<\/p>\n<p><strong>Fonte: Secom PMP<\/strong><\/p>\n<p>&nbsp;<\/p>\n","protected":false},"excerpt":{"rendered":"<p>A Superintend\u00eancia de Tributos da Prefeitura de Penedo publicou no Di\u00e1rio Oficial do Munic\u00edpio o Decreto n\u00ba 826\/2023 que estabelece as datas de lan\u00e7amento, os prazos e as condi\u00e7\u00f5es para o pagamento dos tributos. &nbsp; Para facilitar os pagamentos do IPTU- Imposto Predial e Territorial Urbano e do ISSQN \u2013 Imposto Sobre Servi\u00e7os de Qualquer &hellip;<\/p>\n","protected":false},"author":2,"featured_media":26656,"comment_status":"open","ping_status":"open","sticky":false,"template":"","format":"standard","meta":{"_jetpack_memberships_contains_paid_content":false,"footnotes":""},"categories":[1,3],"tags":[],"class_list":["post-26655","post","type-post","status-publish","format-standard","has-post-thumbnail","hentry","category-destaque","category-penedo"],"jetpack_featured_media_url":"https:\/\/www.oparanews.com.br\/wp-content\/uploads\/2023\/01\/sede-pmp-1.jpeg","jetpack_sharing_enabled":true,"_links":{"self":[{"href":"https:\/\/www.oparanews.com.br\/index.php\/wp-json\/wp\/v2\/posts\/26655","targetHints":{"allow":["GET"]}}],"collection":[{"href":"https:\/\/www.oparanews.com.br\/index.php\/wp-json\/wp\/v2\/posts"}],"about":[{"href":"https:\/\/www.oparanews.com.br\/index.php\/wp-json\/wp\/v2\/types\/post"}],"author":[{"embeddable":true,"href":"https:\/\/www.oparanews.com.br\/index.php\/wp-json\/wp\/v2\/users\/2"}],"replies":[{"embeddable":true,"href":"https:\/\/www.oparanews.com.br\/index.php\/wp-json\/wp\/v2\/comments?post=26655"}],"version-history":[{"count":1,"href":"https:\/\/www.oparanews.com.br\/index.php\/wp-json\/wp\/v2\/posts\/26655\/revisions"}],"predecessor-version":[{"id":26657,"href":"https:\/\/www.oparanews.com.br\/index.php\/wp-json\/wp\/v2\/posts\/26655\/revisions\/26657"}],"wp:featuredmedia":[{"embeddable":true,"href":"https:\/\/www.oparanews.com.br\/index.php\/wp-json\/wp\/v2\/media\/26656"}],"wp:attachment":[{"href":"https:\/\/www.oparanews.com.br\/index.php\/wp-json\/wp\/v2\/media?parent=26655"}],"wp:term":[{"taxonomy":"category","embeddable":true,"href":"https:\/\/www.oparanews.com.br\/index.php\/wp-json\/wp\/v2\/categories?post=26655"},{"taxonomy":"post_tag","embeddable":true,"href":"https:\/\/www.oparanews.com.br\/index.php\/wp-json\/wp\/v2\/tags?post=26655"}],"curies":[{"name":"wp","href":"https:\/\/api.w.org\/{rel}","templated":true}]}}