{"id":26691,"date":"2023-01-18T22:10:32","date_gmt":"2023-01-19T01:10:32","guid":{"rendered":"https:\/\/www.oparanews.com.br\/?p=26691"},"modified":"2023-01-18T22:10:32","modified_gmt":"2023-01-19T01:10:32","slug":"blocos-de-carnaval-de-penedo-sao-orientados-e-cadastrados-pela-secretaria-municipal-de-cultura","status":"publish","type":"post","link":"https:\/\/www.oparanews.com.br\/index.php\/2023\/01\/18\/blocos-de-carnaval-de-penedo-sao-orientados-e-cadastrados-pela-secretaria-municipal-de-cultura\/","title":{"rendered":"Blocos de carnaval de Penedo s\u00e3o orientados e cadastrados pela Secretaria Municipal de Cultura"},"content":{"rendered":"<p>Representantes dos blocos de carnaval, orquestras e das tradicionais batucadas de Penedo participaram de reuni\u00e3o nesta quarta-feira, 18, promovida pela Secretaria Municipal de Cultura, Lazer e Juventude (SEMCLEJ).<\/p>\n<p>&nbsp;<\/p>\n<p>O encontro realizado no audit\u00f3rio da Casa de Aposentadoria teve como objetivo orientar os respons\u00e1veis pela festa mais popular do Brasil sobre a realiza\u00e7\u00e3o das pr\u00e9vias carnavalescas, a participa\u00e7\u00e3o durante a Lavagem do Beco e das Escadarias da Igreja do Ros\u00e1rio dos Pretos \u2013 realizada toda Sexta-feira de Carnaval \u2013 e do desfile de \u2018pared\u00f5es\u2019.<\/p>\n<p>&nbsp;<\/p>\n<p>Os blocos que realizam pr\u00e9vias precisam informar, por meio de of\u00edcio, data, hor\u00e1rio e percurso ao 11\u00ba Batalh\u00e3o de Pol\u00edcia Militar e tamb\u00e9m para a SMTT, al\u00e9m de efetuar o respectivo cadastro na SEMCLEJ para ter acesso ao apoio cultural.<\/p>\n<p>&nbsp;<\/p>\n<p>Outro aspecto relacionado ao cadastramento \u00e9 a obrigatoriedade do procedimento para poder participar do desfile realizado na programa\u00e7\u00e3o da Lavagem do Beco. Para viabilizar essa etapa, a Secretaria de Cultura de Penedo atende os interessados no audit\u00f3rio da Casa de Aposentadoria at\u00e9 sexta-feira, 20, no hor\u00e1rio entre 8h e 13h30.<\/p>\n<p>&nbsp;<\/p>\n<p>No ato do cadastro, o respons\u00e1vel pelo bloco deve apresentar documentos pessoal oficial ou da agremia\u00e7\u00e3o e of\u00edcio comunicando os dados da festa e, se for o caso, o interesse em participar da programa\u00e7\u00e3o da Lavagem do Beco e das escadarias da Igreja do Ros\u00e1rio dos Pretos. Em seguida, preencher\u00e1 um formul\u00e1rio, com aux\u00edlio de servidores da SEMCLEJ.<\/p>\n<p>&nbsp;<\/p>\n<p>A festa que abre o carnaval em Penedo tem seu trajeto mantido, com a concentra\u00e7\u00e3o dos participantes \u00e0s 16 horas na Pra\u00e7a Clementino do Monte. A dispers\u00e3o acontece no Ros\u00e1rio Largo, onde um palco ser\u00e1 instalado ao lado da Escola Estadual Gabino Besouro para as atra\u00e7\u00f5es que ser\u00e3o anunciadas.<\/p>\n<p>&nbsp;<\/p>\n<p>J\u00e1 o desfile dos \u2018pared\u00f5es\u2019 de som acontece na noite de s\u00e1bado, saindo da Avenida Ant\u00f4nio C\u00e2ndido Toledo at\u00e9 a Pra\u00e7a S\u00e3o Judas Tadeu. Em todos os eventos pr\u00e9vios e durante o carnaval em Penedo, abertos ou de iniciativa particular realizada em local p\u00fablico, a determina\u00e7\u00e3o dos \u00f3rg\u00e3os de seguran\u00e7a \u00e9 encerrar at\u00e9 as duas horas da madrugada.<\/p>\n<p>&nbsp;<\/p>\n<p>&nbsp;<\/p>\n<p>&nbsp;<\/p>\n<p><strong>Fonte: Secom PMP<\/strong><\/p>\n<p>&nbsp;<\/p>\n","protected":false},"excerpt":{"rendered":"<p>Representantes dos blocos de carnaval, orquestras e das tradicionais batucadas de Penedo participaram de reuni\u00e3o nesta quarta-feira, 18, promovida pela Secretaria Municipal de Cultura, Lazer e Juventude (SEMCLEJ). &nbsp; O encontro realizado no audit\u00f3rio da Casa de Aposentadoria teve como objetivo orientar os respons\u00e1veis pela festa mais popular do Brasil sobre a realiza\u00e7\u00e3o das pr\u00e9vias &hellip;<\/p>\n","protected":false},"author":2,"featured_media":26692,"comment_status":"open","ping_status":"open","sticky":false,"template":"","format":"standard","meta":{"_jetpack_memberships_contains_paid_content":false,"footnotes":""},"categories":[1,3],"tags":[],"class_list":["post-26691","post","type-post","status-publish","format-standard","has-post-thumbnail","hentry","category-destaque","category-penedo"],"jetpack_featured_media_url":"https:\/\/www.oparanews.com.br\/wp-content\/uploads\/2023\/01\/penedo-reuniao-blocos-carnaval-semclej-2023-1-1068x712-1.jpeg","jetpack_sharing_enabled":true,"_links":{"self":[{"href":"https:\/\/www.oparanews.com.br\/index.php\/wp-json\/wp\/v2\/posts\/26691","targetHints":{"allow":["GET"]}}],"collection":[{"href":"https:\/\/www.oparanews.com.br\/index.php\/wp-json\/wp\/v2\/posts"}],"about":[{"href":"https:\/\/www.oparanews.com.br\/index.php\/wp-json\/wp\/v2\/types\/post"}],"author":[{"embeddable":true,"href":"https:\/\/www.oparanews.com.br\/index.php\/wp-json\/wp\/v2\/users\/2"}],"replies":[{"embeddable":true,"href":"https:\/\/www.oparanews.com.br\/index.php\/wp-json\/wp\/v2\/comments?post=26691"}],"version-history":[{"count":1,"href":"https:\/\/www.oparanews.com.br\/index.php\/wp-json\/wp\/v2\/posts\/26691\/revisions"}],"predecessor-version":[{"id":26693,"href":"https:\/\/www.oparanews.com.br\/index.php\/wp-json\/wp\/v2\/posts\/26691\/revisions\/26693"}],"wp:featuredmedia":[{"embeddable":true,"href":"https:\/\/www.oparanews.com.br\/index.php\/wp-json\/wp\/v2\/media\/26692"}],"wp:attachment":[{"href":"https:\/\/www.oparanews.com.br\/index.php\/wp-json\/wp\/v2\/media?parent=26691"}],"wp:term":[{"taxonomy":"category","embeddable":true,"href":"https:\/\/www.oparanews.com.br\/index.php\/wp-json\/wp\/v2\/categories?post=26691"},{"taxonomy":"post_tag","embeddable":true,"href":"https:\/\/www.oparanews.com.br\/index.php\/wp-json\/wp\/v2\/tags?post=26691"}],"curies":[{"name":"wp","href":"https:\/\/api.w.org\/{rel}","templated":true}]}}