{"id":26711,"date":"2023-01-19T11:55:24","date_gmt":"2023-01-19T14:55:24","guid":{"rendered":"https:\/\/www.oparanews.com.br\/?p=26711"},"modified":"2023-01-19T11:55:24","modified_gmt":"2023-01-19T14:55:24","slug":"sems-penedo-comemora-10-anos-de-coordenacao-de-saude-bucal","status":"publish","type":"post","link":"https:\/\/www.oparanews.com.br\/index.php\/2023\/01\/19\/sems-penedo-comemora-10-anos-de-coordenacao-de-saude-bucal\/","title":{"rendered":"SEMS Penedo comemora 10 anos de coordena\u00e7\u00e3o de Sa\u00fade Bucal"},"content":{"rendered":"<p>Janeiro de 2023 \u00e9 um m\u00eas para se comemorar na Prefeitura de Penedo, pois se comemora 10 anos da cria\u00e7\u00e3o da coordena\u00e7\u00e3o de sa\u00fade bucal, que organizou o fluxo de atendimentos e criou diversos programas que beneficiaram os usu\u00e1rios dos postos de sa\u00fade.<\/p>\n<p>&nbsp;<\/p>\n<p>A sa\u00fade bucal no munic\u00edpio passou a se destacar quando encontrou uma gest\u00e3o interessada e comprometida sabendo a import\u00e2ncia de cuidar do sorriso das pessoas. Os \u00faltimos anos diversos programas foram criados para melhor atenderem a popula\u00e7\u00e3o de diferentes idades.<\/p>\n<p>&nbsp;<\/p>\n<p>Entre eles, o programa Sa\u00fade Bucal Noturno foi criado para atender pessoas que n\u00e3o podem ir ao consult\u00f3rio longo do dia. O Sa\u00fade Bucal na Sua Casa, que leva o atendimento at\u00e9 o paciente que n\u00e3o pode sair de casa por motivos de locomo\u00e7\u00e3o. Al\u00e9m dos servi\u00e7os b\u00e1sicos da Aten\u00e7\u00e3o Prim\u00e1ria em Sa\u00fade Bucal, Penedo oferece servi\u00e7os de m\u00e9dia complexidade no Centro de Especialidades Odontol\u00f3gicas para casos mais complexos.<\/p>\n<p><a href=\"http:\/\/www.oparanews.com.br\/wp-content\/uploads\/2023\/01\/WhatsApp-Image-2023-01-19-at-09.18.31-1.jpeg\"><img loading=\"lazy\" decoding=\"async\" class=\"aligncenter size-full wp-image-26712\" src=\"http:\/\/www.oparanews.com.br\/wp-content\/uploads\/2023\/01\/WhatsApp-Image-2023-01-19-at-09.18.31-1.jpeg\" alt=\"\" width=\"1280\" height=\"853\" srcset=\"https:\/\/www.oparanews.com.br\/wp-content\/uploads\/2023\/01\/WhatsApp-Image-2023-01-19-at-09.18.31-1.jpeg 1280w, https:\/\/www.oparanews.com.br\/wp-content\/uploads\/2023\/01\/WhatsApp-Image-2023-01-19-at-09.18.31-1-300x200.jpeg 300w, https:\/\/www.oparanews.com.br\/wp-content\/uploads\/2023\/01\/WhatsApp-Image-2023-01-19-at-09.18.31-1-1024x682.jpeg 1024w, https:\/\/www.oparanews.com.br\/wp-content\/uploads\/2023\/01\/WhatsApp-Image-2023-01-19-at-09.18.31-1-768x512.jpeg 768w\" sizes=\"auto, (max-width: 1280px) 100vw, 1280px\" \/><\/a><\/p>\n<p>\u201cA sensa\u00e7\u00e3o \u00e9 de dever cumprido com a popula\u00e7\u00e3o, com os colegas e com a confian\u00e7a em mim depositada pelo prefeito Ronaldo Lopes e toda sua equipe. Sempre gerir a pasta da sa\u00fade bucal buscando obter resultados positivos, permitindo que a administra\u00e7\u00e3o p\u00fablica seja vista como uma verdadeira m\u00e1quina que presta servi\u00e7os p\u00fablicos, visando sempre as particularidades e especificidades de sua popula\u00e7\u00e3o. Fazendo que tenha como eixo norteador a satisfa\u00e7\u00e3o dos anseios da coletividade tendo a satisfa\u00e7\u00e3o dos usu\u00e1rios como base em fundamento de gest\u00e3o\u201d, disse a Coordenadora de Sa\u00fade Bucal da SEMS Penedo, Dra. Edilaine Soares.<\/p>\n<p>&nbsp;<\/p>\n<p>A sa\u00fade bucal de Penedo j\u00e1 se tornou refer\u00eancia no estado e no Brasil. O munic\u00edpio ganhou duas vezes o pr\u00eamio de melhor Estrat\u00e9gia em Sa\u00fade Bucal entre os munic\u00edpios de 50 mil a 100 mil habitantes, al\u00e9m recebe o Certificado do Conselho Federal de Odontologia, estando entre as 10 melhores estrat\u00e9gias a n\u00edvel nacional, ocupando o 7\u00ba Lugar.<\/p>\n<p>&nbsp;<\/p>\n<p>Penedo tamb\u00e9m \u00e9 destaque no Brasil em diversos trabalhos cient\u00edficos desenvolvidos por profissionais da Aten\u00e7\u00e3o Prim\u00e1ria e acad\u00eamicos do CESMAC devido a parceria entre a institui\u00e7\u00e3o e o munic\u00edpio. O munic\u00edpio foi destaque no Congresso Brasileiro de Sa\u00fade Coletiva com o trabalho \u201cO caminho para o enfrentamento da Covid-19 no munic\u00edpio de Penedo \u2013 AL\u201d, de autoria da Dra. Edilaine Soares.<\/p>\n<p>&nbsp;<\/p>\n<p>&nbsp;<\/p>\n<p>&nbsp;<\/p>\n<p><strong>por Gabriela Flores \u2013 jornalista e social media SEMS<\/strong><\/p>\n<p>&nbsp;<\/p>\n","protected":false},"excerpt":{"rendered":"<p>Janeiro de 2023 \u00e9 um m\u00eas para se comemorar na Prefeitura de Penedo, pois se comemora 10 anos da cria\u00e7\u00e3o da coordena\u00e7\u00e3o de sa\u00fade bucal, que organizou o fluxo de atendimentos e criou diversos programas que beneficiaram os usu\u00e1rios dos postos de sa\u00fade. &nbsp; A sa\u00fade bucal no munic\u00edpio passou a se destacar quando encontrou &hellip;<\/p>\n","protected":false},"author":2,"featured_media":26713,"comment_status":"open","ping_status":"open","sticky":false,"template":"","format":"standard","meta":{"_jetpack_memberships_contains_paid_content":false,"footnotes":""},"categories":[1,3],"tags":[],"class_list":["post-26711","post","type-post","status-publish","format-standard","has-post-thumbnail","hentry","category-destaque","category-penedo"],"jetpack_featured_media_url":"https:\/\/www.oparanews.com.br\/wp-content\/uploads\/2023\/01\/WhatsApp-Image-2023-01-19-at-09.18.32.jpeg","jetpack_sharing_enabled":true,"_links":{"self":[{"href":"https:\/\/www.oparanews.com.br\/index.php\/wp-json\/wp\/v2\/posts\/26711","targetHints":{"allow":["GET"]}}],"collection":[{"href":"https:\/\/www.oparanews.com.br\/index.php\/wp-json\/wp\/v2\/posts"}],"about":[{"href":"https:\/\/www.oparanews.com.br\/index.php\/wp-json\/wp\/v2\/types\/post"}],"author":[{"embeddable":true,"href":"https:\/\/www.oparanews.com.br\/index.php\/wp-json\/wp\/v2\/users\/2"}],"replies":[{"embeddable":true,"href":"https:\/\/www.oparanews.com.br\/index.php\/wp-json\/wp\/v2\/comments?post=26711"}],"version-history":[{"count":1,"href":"https:\/\/www.oparanews.com.br\/index.php\/wp-json\/wp\/v2\/posts\/26711\/revisions"}],"predecessor-version":[{"id":26714,"href":"https:\/\/www.oparanews.com.br\/index.php\/wp-json\/wp\/v2\/posts\/26711\/revisions\/26714"}],"wp:featuredmedia":[{"embeddable":true,"href":"https:\/\/www.oparanews.com.br\/index.php\/wp-json\/wp\/v2\/media\/26713"}],"wp:attachment":[{"href":"https:\/\/www.oparanews.com.br\/index.php\/wp-json\/wp\/v2\/media?parent=26711"}],"wp:term":[{"taxonomy":"category","embeddable":true,"href":"https:\/\/www.oparanews.com.br\/index.php\/wp-json\/wp\/v2\/categories?post=26711"},{"taxonomy":"post_tag","embeddable":true,"href":"https:\/\/www.oparanews.com.br\/index.php\/wp-json\/wp\/v2\/tags?post=26711"}],"curies":[{"name":"wp","href":"https:\/\/api.w.org\/{rel}","templated":true}]}}