{"id":26718,"date":"2023-01-19T16:34:25","date_gmt":"2023-01-19T19:34:25","guid":{"rendered":"https:\/\/www.oparanews.com.br\/?p=26718"},"modified":"2023-01-19T16:36:16","modified_gmt":"2023-01-19T19:36:16","slug":"ronaldo-lopes-cria-nova-secretaria-e-penedo-tera-mais-uma-mulher-no-primeiro-escalao-do-governo","status":"publish","type":"post","link":"https:\/\/www.oparanews.com.br\/index.php\/2023\/01\/19\/ronaldo-lopes-cria-nova-secretaria-e-penedo-tera-mais-uma-mulher-no-primeiro-escalao-do-governo\/","title":{"rendered":"Ronaldo Lopes cria nova secretaria e Penedo ter\u00e1 mais uma mulher no primeiro escal\u00e3o do governo"},"content":{"rendered":"<p>O Prefeito de Penedo, Ronaldo Lopes, est\u00e1 realizando mais uma mudan\u00e7a em sua equipe de governo. Desta vez, o gestor amplia a inclus\u00e3o social, criando a Secretaria da Mulher e Povos Tradicionais.<\/p>\n<p>&nbsp;<\/p>\n<p>De acordo o Chefe do Executivo Municipal, \u00e9 muito importante a valoriza\u00e7\u00e3o e combate \u00e0 discrimina\u00e7\u00e3o das mulheres e de pessoas ligadas \u00e0s comunidades tradicionais.<\/p>\n<p>&nbsp;<\/p>\n<p>\u201cEstou enviando para C\u00e2mara de Vereadores um projeto de lei que, ap\u00f3s aprovado pelos parlamentares, cria essa pasta t\u00e3o fundamental para o munic\u00edpio. O combate \u00e0 discrimina\u00e7\u00e3o e tamb\u00e9m a valoriza\u00e7\u00e3o deste grupo de pessoas tem sido feito por diversos governos estaduais e at\u00e9 mesmo o governo federal, ent\u00e3o Penedo n\u00e3o poderia ficar de fora,\u201d explanou Ronaldo Lopes.<\/p>\n<p>&nbsp;<\/p>\n<p>E quem assumir\u00e1 como secret\u00e1ria desta nova pasta \u00e9 Aliny Costa, atual gestora da SEMCLEJ.<\/p>\n<p>&nbsp;<\/p>\n<p>\u201cAliny vem fazendo um brilhante trabalho \u00e0 frente da Cultura, Lazer e Juventude e entendo, com a experi\u00eancia que ela possu\u00ed, realizar\u00e1 uma excelente gest\u00e3o nessa nova secretaria\u201d, afirma o Prefeito de Penedo.<\/p>\n<p>&nbsp;<\/p>\n<p><strong>6 ANOS TRABALHANDO PELA CULTURA PENEDENSE<\/strong><\/p>\n<p>&nbsp;<\/p>\n<p>Durante um per\u00edodo aproximado de seis anos, Aliny Costa geriu a pasta, com diversos trabalhos realizados em favor da cultura, do lazer, eventos e da juventude de Penedo.<\/p>\n<p><a href=\"http:\/\/www.oparanews.com.br\/wp-content\/uploads\/2023\/01\/Secretaria-Aliny-Costa-1920x1280-1.jpg\"><img loading=\"lazy\" decoding=\"async\" class=\"aligncenter size-full wp-image-26723\" src=\"http:\/\/www.oparanews.com.br\/wp-content\/uploads\/2023\/01\/Secretaria-Aliny-Costa-1920x1280-1.jpg\" alt=\"\" width=\"1920\" height=\"1280\" srcset=\"https:\/\/www.oparanews.com.br\/wp-content\/uploads\/2023\/01\/Secretaria-Aliny-Costa-1920x1280-1.jpg 1920w, https:\/\/www.oparanews.com.br\/wp-content\/uploads\/2023\/01\/Secretaria-Aliny-Costa-1920x1280-1-300x200.jpg 300w, https:\/\/www.oparanews.com.br\/wp-content\/uploads\/2023\/01\/Secretaria-Aliny-Costa-1920x1280-1-1024x683.jpg 1024w, https:\/\/www.oparanews.com.br\/wp-content\/uploads\/2023\/01\/Secretaria-Aliny-Costa-1920x1280-1-768x512.jpg 768w, https:\/\/www.oparanews.com.br\/wp-content\/uploads\/2023\/01\/Secretaria-Aliny-Costa-1920x1280-1-1536x1024.jpg 1536w\" sizes=\"auto, (max-width: 1920px) 100vw, 1920px\" \/><\/a><\/p>\n<p>\u201cEu sempre estou disposta a novos desafios e mais uma vez o prefeito Ronaldo Lopes confiou em meu trabalho. Darei o meu melhor para fortalecer e apoiar as mulheres penedenses e tamb\u00e9m os povos tradicionais\u201d, diz Aliny Costa.<\/p>\n<p>&nbsp;<\/p>\n<p><strong>NOVA SECRET\u00c1RIA DE CULTURA \u00c9 NATURAL DE PENEDO E COM EXPERI\u00caNCIA NA \u00c1REA<\/strong><\/p>\n<p>&nbsp;<\/p>\n<p>Quem ir\u00e1 assumir a partir de fevereiro a pasta municipal da cultura \u00e9 Maria Teresa Machado Pereira, ex-superintendente de Pol\u00edticas Culturais da SECULT\/AL.<\/p>\n<p><a href=\"http:\/\/www.oparanews.com.br\/wp-content\/uploads\/2023\/01\/teresa-machado-e1674144876963.jpeg\"><img loading=\"lazy\" decoding=\"async\" class=\"aligncenter size-full wp-image-26724\" src=\"http:\/\/www.oparanews.com.br\/wp-content\/uploads\/2023\/01\/teresa-machado-e1674144876963.jpeg\" alt=\"\" width=\"1192\" height=\"792\" srcset=\"https:\/\/www.oparanews.com.br\/wp-content\/uploads\/2023\/01\/teresa-machado-e1674144876963.jpeg 1192w, https:\/\/www.oparanews.com.br\/wp-content\/uploads\/2023\/01\/teresa-machado-e1674144876963-300x199.jpeg 300w, https:\/\/www.oparanews.com.br\/wp-content\/uploads\/2023\/01\/teresa-machado-e1674144876963-1024x680.jpeg 1024w, https:\/\/www.oparanews.com.br\/wp-content\/uploads\/2023\/01\/teresa-machado-e1674144876963-768x510.jpeg 768w\" sizes=\"auto, (max-width: 1192px) 100vw, 1192px\" \/><\/a><\/p>\n<p>\u201cMe sinto muito honrada com o convite para atuar \u00e0 frente da pasta da cultura da minha cidade. S\u00e3o 8 anos trabalhando diretamente com projetos culturais e estou entusiasmada em poder contribuir com o desenvolvimento da cultura penedense. Chego para somar em uma gest\u00e3o alinhada, levando os pilares da \u00e9tica, proximidade e transpar\u00eancia, com o intuito de elevar a cultura de Penedo, trazendo ainda mais reconhecimento para todos os fazedores de cultura do munic\u00edpio,\u201d afirmou Teresa Machado.<\/p>\n<p>&nbsp;<\/p>\n<p>Ronaldo Lopes declarou que est\u00e1 muito feliz com o convite aceito e que n\u00e3o tem d\u00favida alguma que Teresa trar\u00e1 toda sua experi\u00eancia para contribuir na gest\u00e3o Crescendo Com Seu Povo.<\/p>\n<p>&nbsp;<\/p>\n<p><strong>PERFIL DA NOVA SECRET\u00c1RIA<\/strong><\/p>\n<p>&nbsp;<\/p>\n<p>Maria Teresa Machado Pereira, 34 anos, natural de Penedo\/AL, \u00e9 jornalista, formada pela Universidade Federal de Alagoas, especialista em Assessoria de Comunica\u00e7\u00e3o e Marketing Pol\u00edtico.<\/p>\n<p>&nbsp;<\/p>\n<p>Atua com gest\u00e3o p\u00fablica em projetos voltados para a pol\u00edticas culturais, difus\u00e3o e forma\u00e7\u00e3o, coordenando as atividades do Centro de Belas Artes de Alagoas, do programa Pro-bandas, oficinas culturais e Festivais de Dan\u00e7a, Bumba-Meu-Boi, Coco de Roda e P\u00f4r do Sol Cultural.<\/p>\n<p>&nbsp;<\/p>\n<p>Foi superintendente de forma\u00e7\u00e3o e difus\u00e3o cultural e superintendente de pol\u00edticas culturais na Secretaria de Estado da Cultura, no per\u00edodo de 2015 a 2022.<\/p>\n<p>&nbsp;<\/p>\n<p>H\u00e1 12 anos na gest\u00e3o p\u00fablica, Teresa Machado iniciou na coordena\u00e7\u00e3o da Assessoria de Comunica\u00e7\u00e3o do Gabinete do Vice-Governador Jos\u00e9 Thomaz Non\u00f4, seguindo para Assessoria de Comunica\u00e7\u00e3o e Marketing da Secretaria de Estado da Cultural. Recentemente atuava como Superintendente de Pol\u00edticas Culturais da SECULT\/AL.<\/p>\n<p>&nbsp;<\/p>\n<p>&nbsp;<\/p>\n<p>&nbsp;<\/p>\n<p><strong>Fonte: Secom PMP<\/strong><\/p>\n<p>&nbsp;<\/p>\n","protected":false},"excerpt":{"rendered":"<p>O Prefeito de Penedo, Ronaldo Lopes, est\u00e1 realizando mais uma mudan\u00e7a em sua equipe de governo. Desta vez, o gestor amplia a inclus\u00e3o social, criando a Secretaria da Mulher e Povos Tradicionais. &nbsp; De acordo o Chefe do Executivo Municipal, \u00e9 muito importante a valoriza\u00e7\u00e3o e combate \u00e0 discrimina\u00e7\u00e3o das mulheres e de pessoas ligadas &hellip;<\/p>\n","protected":false},"author":2,"featured_media":26719,"comment_status":"open","ping_status":"open","sticky":false,"template":"","format":"standard","meta":{"_jetpack_memberships_contains_paid_content":false,"footnotes":""},"categories":[1,3],"tags":[],"class_list":["post-26718","post","type-post","status-publish","format-standard","has-post-thumbnail","hentry","category-destaque","category-penedo"],"jetpack_featured_media_url":"https:\/\/www.oparanews.com.br\/wp-content\/uploads\/2023\/01\/destaquekkk.jpg","jetpack_sharing_enabled":true,"_links":{"self":[{"href":"https:\/\/www.oparanews.com.br\/index.php\/wp-json\/wp\/v2\/posts\/26718","targetHints":{"allow":["GET"]}}],"collection":[{"href":"https:\/\/www.oparanews.com.br\/index.php\/wp-json\/wp\/v2\/posts"}],"about":[{"href":"https:\/\/www.oparanews.com.br\/index.php\/wp-json\/wp\/v2\/types\/post"}],"author":[{"embeddable":true,"href":"https:\/\/www.oparanews.com.br\/index.php\/wp-json\/wp\/v2\/users\/2"}],"replies":[{"embeddable":true,"href":"https:\/\/www.oparanews.com.br\/index.php\/wp-json\/wp\/v2\/comments?post=26718"}],"version-history":[{"count":2,"href":"https:\/\/www.oparanews.com.br\/index.php\/wp-json\/wp\/v2\/posts\/26718\/revisions"}],"predecessor-version":[{"id":26725,"href":"https:\/\/www.oparanews.com.br\/index.php\/wp-json\/wp\/v2\/posts\/26718\/revisions\/26725"}],"wp:featuredmedia":[{"embeddable":true,"href":"https:\/\/www.oparanews.com.br\/index.php\/wp-json\/wp\/v2\/media\/26719"}],"wp:attachment":[{"href":"https:\/\/www.oparanews.com.br\/index.php\/wp-json\/wp\/v2\/media?parent=26718"}],"wp:term":[{"taxonomy":"category","embeddable":true,"href":"https:\/\/www.oparanews.com.br\/index.php\/wp-json\/wp\/v2\/categories?post=26718"},{"taxonomy":"post_tag","embeddable":true,"href":"https:\/\/www.oparanews.com.br\/index.php\/wp-json\/wp\/v2\/tags?post=26718"}],"curies":[{"name":"wp","href":"https:\/\/api.w.org\/{rel}","templated":true}]}}