{"id":26726,"date":"2023-01-19T21:59:09","date_gmt":"2023-01-20T00:59:09","guid":{"rendered":"https:\/\/www.oparanews.com.br\/?p=26726"},"modified":"2023-01-19T22:03:36","modified_gmt":"2023-01-20T01:03:36","slug":"vereador-bili-marques-recebe-premio-de-destaque-do-ano-de-2022","status":"publish","type":"post","link":"https:\/\/www.oparanews.com.br\/index.php\/2023\/01\/19\/vereador-bili-marques-recebe-premio-de-destaque-do-ano-de-2022\/","title":{"rendered":"Vereador Bili Marques recebe pr\u00eamio de destaque do ano de 2022"},"content":{"rendered":"<p>O vereador Josu\u00e9 Marques, mais conhecido como Bili Marques, recebeu das m\u00e3os do diretor do portal de not\u00edcias, OparaNews, o pr\u00eamio de destaque do ano de 2022.<\/p>\n<p>&nbsp;<\/p>\n<p>Bili Marques foi homenageado pelo relevante trabalho desenvolvido como edil penedense no ano passado.<\/p>\n<p>&nbsp;<\/p>\n<p>&#8220;Esse pr\u00eamio demonstra que estamos no caminho certo. Nosso trabalho sempre foi e sempre ser\u00e1 a favor da sociedade penedense&#8221;, disse Bili Marques.<\/p>\n<p>&nbsp;<\/p>\n<p>Bili Marques nasceu em Penedo-AL, no dia 11 de fervereiro de 1961, filho de Ant\u00f4nio Marques da Silva e Doraci Neres da Silva. Formado em Hist\u00f3ria pela Faculdade de Forma\u00e7\u00e3o de Professores de Penedo- FFPP, e p\u00f3s-graduado em Gest\u00e3o Educacional pela faculdade Atl\u00e2ntico de Aracaj\u00fa -SE. Poeta, compositor e escritor com obras j\u00e1 publicadas. Forma\u00e7\u00e3o em r\u00e1dio e TV pelo SINDIR\u00c1DIO, Macei\u00f3 \u2013AL. Est\u00e1 no 5\u00ba mandato legislativo pela C\u00e2mara Municipal de Penedo.<\/p>\n<p>&nbsp;<\/p>\n<p>&nbsp;<\/p>\n<p>&nbsp;<\/p>\n<p><strong>por Reda\u00e7\u00e3o<\/strong><\/p>\n<p>&nbsp;<\/p>\n","protected":false},"excerpt":{"rendered":"<p>O vereador Josu\u00e9 Marques, mais conhecido como Bili Marques, recebeu das m\u00e3os do diretor do portal de not\u00edcias, OparaNews, o pr\u00eamio de destaque do ano de 2022. &nbsp; Bili Marques foi homenageado pelo relevante trabalho desenvolvido como edil penedense no ano passado. &nbsp; &#8220;Esse pr\u00eamio demonstra que estamos no caminho certo. Nosso trabalho sempre foi &hellip;<\/p>\n","protected":false},"author":2,"featured_media":26732,"comment_status":"open","ping_status":"open","sticky":false,"template":"","format":"standard","meta":{"_jetpack_memberships_contains_paid_content":false,"footnotes":""},"categories":[1,3],"tags":[],"class_list":["post-26726","post","type-post","status-publish","format-standard","has-post-thumbnail","hentry","category-destaque","category-penedo"],"jetpack_featured_media_url":"https:\/\/www.oparanews.com.br\/wp-content\/uploads\/2023\/01\/IMG-20230118-WA0017.jpg","jetpack_sharing_enabled":true,"_links":{"self":[{"href":"https:\/\/www.oparanews.com.br\/index.php\/wp-json\/wp\/v2\/posts\/26726","targetHints":{"allow":["GET"]}}],"collection":[{"href":"https:\/\/www.oparanews.com.br\/index.php\/wp-json\/wp\/v2\/posts"}],"about":[{"href":"https:\/\/www.oparanews.com.br\/index.php\/wp-json\/wp\/v2\/types\/post"}],"author":[{"embeddable":true,"href":"https:\/\/www.oparanews.com.br\/index.php\/wp-json\/wp\/v2\/users\/2"}],"replies":[{"embeddable":true,"href":"https:\/\/www.oparanews.com.br\/index.php\/wp-json\/wp\/v2\/comments?post=26726"}],"version-history":[{"count":3,"href":"https:\/\/www.oparanews.com.br\/index.php\/wp-json\/wp\/v2\/posts\/26726\/revisions"}],"predecessor-version":[{"id":26733,"href":"https:\/\/www.oparanews.com.br\/index.php\/wp-json\/wp\/v2\/posts\/26726\/revisions\/26733"}],"wp:featuredmedia":[{"embeddable":true,"href":"https:\/\/www.oparanews.com.br\/index.php\/wp-json\/wp\/v2\/media\/26732"}],"wp:attachment":[{"href":"https:\/\/www.oparanews.com.br\/index.php\/wp-json\/wp\/v2\/media?parent=26726"}],"wp:term":[{"taxonomy":"category","embeddable":true,"href":"https:\/\/www.oparanews.com.br\/index.php\/wp-json\/wp\/v2\/categories?post=26726"},{"taxonomy":"post_tag","embeddable":true,"href":"https:\/\/www.oparanews.com.br\/index.php\/wp-json\/wp\/v2\/tags?post=26726"}],"curies":[{"name":"wp","href":"https:\/\/api.w.org\/{rel}","templated":true}]}}