{"id":26743,"date":"2023-01-20T21:51:22","date_gmt":"2023-01-21T00:51:22","guid":{"rendered":"https:\/\/www.oparanews.com.br\/?p=26743"},"modified":"2023-01-20T21:51:22","modified_gmt":"2023-01-21T00:51:22","slug":"semed-penedo-retifica-datas-de-etapas-do-edital-do-pss-2023","status":"publish","type":"post","link":"https:\/\/www.oparanews.com.br\/index.php\/2023\/01\/20\/semed-penedo-retifica-datas-de-etapas-do-edital-do-pss-2023\/","title":{"rendered":"Semed Penedo retifica datas de etapas do edital do PSS 2023"},"content":{"rendered":"<p>A Secretaria Municipal de Educa\u00e7\u00e3o (Semed) da Prefeitura de Penedo retifica alguns pontos do edital que regulamenta o Processo Seletivo Simplificado (PSS) lan\u00e7ado no \u00faltimo dia 06 de janeiro.<\/p>\n<p>&nbsp;<\/p>\n<p>Uma das altera\u00e7\u00f5es adia a divulga\u00e7\u00e3o do resultado parcial do PSS 2023. A princ\u00edpio, a lista inicial gerada a partir da an\u00e1lise curricular de cada candidato seria publicada em 19 de janeiro.<\/p>\n<p>&nbsp;<\/p>\n<p>Com a retifica\u00e7\u00e3o, o resultado ser\u00e1 publicado at\u00e9 o primeiro dia de fevereiro.<\/p>\n<p>&nbsp;<\/p>\n<p>A altera\u00e7\u00e3o na data \u00e9 resultado da grande quantidade de inscri\u00e7\u00f5es no Processo Seletivo Simplificado, com aproximadamente tr\u00eas mil pessoas.<\/p>\n<p>&nbsp;<\/p>\n<p>Por consequ\u00eancia, o calend\u00e1rio das etapas do PSS 2023 tamb\u00e9m fica alterado, conforme consta no ato publicado no Di\u00e1rio Oficial do Munic\u00edpio que pode ser conferido abaixo.<\/p>\n<p>&nbsp;<\/p>\n<p><a href=\"https:\/\/penedo.al.gov.br\/wp-content\/uploads\/2023\/01\/ERRATA-DE-PROCESSO-SELETIVO-2023.pdf\"><strong>ERRATA DE PROCESSO SELETIVO 2023<\/strong><\/a><\/p>\n<p>&nbsp;<\/p>\n<p>&nbsp;<\/p>\n<p>&nbsp;<\/p>\n<p><strong>Fonte: Secom PMP<\/strong><\/p>\n<p>&nbsp;<\/p>\n","protected":false},"excerpt":{"rendered":"<p>A Secretaria Municipal de Educa\u00e7\u00e3o (Semed) da Prefeitura de Penedo retifica alguns pontos do edital que regulamenta o Processo Seletivo Simplificado (PSS) lan\u00e7ado no \u00faltimo dia 06 de janeiro. &nbsp; Uma das altera\u00e7\u00f5es adia a divulga\u00e7\u00e3o do resultado parcial do PSS 2023. A princ\u00edpio, a lista inicial gerada a partir da an\u00e1lise curricular de cada &hellip;<\/p>\n","protected":false},"author":2,"featured_media":26744,"comment_status":"open","ping_status":"open","sticky":false,"template":"","format":"standard","meta":{"_jetpack_memberships_contains_paid_content":false,"footnotes":""},"categories":[1,3],"tags":[],"class_list":["post-26743","post","type-post","status-publish","format-standard","has-post-thumbnail","hentry","category-destaque","category-penedo"],"jetpack_featured_media_url":"https:\/\/www.oparanews.com.br\/wp-content\/uploads\/2023\/01\/pss-semed-penedo.jpg","jetpack_sharing_enabled":true,"_links":{"self":[{"href":"https:\/\/www.oparanews.com.br\/index.php\/wp-json\/wp\/v2\/posts\/26743","targetHints":{"allow":["GET"]}}],"collection":[{"href":"https:\/\/www.oparanews.com.br\/index.php\/wp-json\/wp\/v2\/posts"}],"about":[{"href":"https:\/\/www.oparanews.com.br\/index.php\/wp-json\/wp\/v2\/types\/post"}],"author":[{"embeddable":true,"href":"https:\/\/www.oparanews.com.br\/index.php\/wp-json\/wp\/v2\/users\/2"}],"replies":[{"embeddable":true,"href":"https:\/\/www.oparanews.com.br\/index.php\/wp-json\/wp\/v2\/comments?post=26743"}],"version-history":[{"count":1,"href":"https:\/\/www.oparanews.com.br\/index.php\/wp-json\/wp\/v2\/posts\/26743\/revisions"}],"predecessor-version":[{"id":26745,"href":"https:\/\/www.oparanews.com.br\/index.php\/wp-json\/wp\/v2\/posts\/26743\/revisions\/26745"}],"wp:featuredmedia":[{"embeddable":true,"href":"https:\/\/www.oparanews.com.br\/index.php\/wp-json\/wp\/v2\/media\/26744"}],"wp:attachment":[{"href":"https:\/\/www.oparanews.com.br\/index.php\/wp-json\/wp\/v2\/media?parent=26743"}],"wp:term":[{"taxonomy":"category","embeddable":true,"href":"https:\/\/www.oparanews.com.br\/index.php\/wp-json\/wp\/v2\/categories?post=26743"},{"taxonomy":"post_tag","embeddable":true,"href":"https:\/\/www.oparanews.com.br\/index.php\/wp-json\/wp\/v2\/tags?post=26743"}],"curies":[{"name":"wp","href":"https:\/\/api.w.org\/{rel}","templated":true}]}}