{"id":26781,"date":"2023-01-23T21:56:19","date_gmt":"2023-01-24T00:56:19","guid":{"rendered":"https:\/\/www.oparanews.com.br\/?p=26781"},"modified":"2023-01-23T21:56:19","modified_gmt":"2023-01-24T00:56:19","slug":"prefeito-ronaldo-lopes-e-eleito-vice-presidente-do-conisul","status":"publish","type":"post","link":"https:\/\/www.oparanews.com.br\/index.php\/2023\/01\/23\/prefeito-ronaldo-lopes-e-eleito-vice-presidente-do-conisul\/","title":{"rendered":"Prefeito Ronaldo Lopes \u00e9 eleito vice-presidente do Conisul"},"content":{"rendered":"<p>Ronaldo Lopes foi eleito vice-presidente do Cons\u00f3rcio Intermunicipal do Sul do Estado de Alagoas (Conisul), entidade fundada em Penedo em junho de 2013 e atualmente composta por 17 munic\u00edpios.<\/p>\n<p>&nbsp;<\/p>\n<p>Durante a assembleia realizado na \u00faltima sexta-feira, 20, Ronaldo Lopes foi representado por Pedro Soares, Chefe de Gabinete da Prefeitura de Penedo.<\/p>\n<p>&nbsp;<\/p>\n<p>O gestor penedense recupera-se de covid e n\u00e3o pode comparecer ao ato que definiu a diretoria do Conisul para o bi\u00eanio 2023\/2024, com a reelei\u00e7\u00e3o do prefeito de Coruripe, Marcelo Beltr\u00e3o, na presid\u00eancia do cons\u00f3rcio intermunicipal.<\/p>\n<p>&nbsp;<\/p>\n<p>Ele agradeceu a confian\u00e7a dos gestores, o apoio do vice-presidente Ronaldo Lopes e se comprometeu a continuar defendendo os interesses da popula\u00e7\u00e3o do Sul de Alagoas.<\/p>\n<p>&nbsp;<\/p>\n<p>\u201cO Conisul, que completa dez anos agora, em 2023, \u00e9 um instrumento fundamental para a manuten\u00e7\u00e3o de diversos servi\u00e7os oferecidos aos cidad\u00e3os, em especial na sa\u00fade e na educa\u00e7\u00e3o\u201d, destacou Marcelo Beltr\u00e3o.<\/p>\n<p>&nbsp;<\/p>\n<p>Em suas redes sociais, Ronaldo Lopes enalteceu a parceria com Marcelo Beltr\u00e3o e o grande trabalho que o cons\u00f3rcio realiza em favor dos munic\u00edpios associados.<\/p>\n<p>&nbsp;<\/p>\n<p>Os munic\u00edpios que integram o Conisul atualemente s\u00e3o os seguintes: Roteiro, S\u00e3o Br\u00e1s, Barra de S\u00e3o Miguel, Jequi\u00e1 da Praia, Anadia, Pia\u00e7abu\u00e7u, Porto Real do Colegio, Igreja Nova, Junqueiro, Boca da Mata, S\u00e3o Sebasti\u00e3o, Teot\u00f4nio Vilela, Coruripe, Campo Alegre, S\u00e3o Miguel dos Campos, Penedo e Feliz Deserto.<\/p>\n<p>&nbsp;<\/p>\n<p>&nbsp;<\/p>\n<p>&nbsp;<\/p>\n<p>Fonte: Secom PMP<\/p>\n<p>&nbsp;<\/p>\n","protected":false},"excerpt":{"rendered":"<p>Ronaldo Lopes foi eleito vice-presidente do Cons\u00f3rcio Intermunicipal do Sul do Estado de Alagoas (Conisul), entidade fundada em Penedo em junho de 2013 e atualmente composta por 17 munic\u00edpios. &nbsp; Durante a assembleia realizado na \u00faltima sexta-feira, 20, Ronaldo Lopes foi representado por Pedro Soares, Chefe de Gabinete da Prefeitura de Penedo. &nbsp; O gestor &hellip;<\/p>\n","protected":false},"author":2,"featured_media":26782,"comment_status":"open","ping_status":"open","sticky":false,"template":"","format":"standard","meta":{"_jetpack_memberships_contains_paid_content":false,"footnotes":""},"categories":[1,3],"tags":[],"class_list":["post-26781","post","type-post","status-publish","format-standard","has-post-thumbnail","hentry","category-destaque","category-penedo"],"jetpack_featured_media_url":"https:\/\/www.oparanews.com.br\/wp-content\/uploads\/2023\/01\/diretoria-conisul-alagoas-2023-2024-2.jpeg","jetpack_sharing_enabled":true,"_links":{"self":[{"href":"https:\/\/www.oparanews.com.br\/index.php\/wp-json\/wp\/v2\/posts\/26781","targetHints":{"allow":["GET"]}}],"collection":[{"href":"https:\/\/www.oparanews.com.br\/index.php\/wp-json\/wp\/v2\/posts"}],"about":[{"href":"https:\/\/www.oparanews.com.br\/index.php\/wp-json\/wp\/v2\/types\/post"}],"author":[{"embeddable":true,"href":"https:\/\/www.oparanews.com.br\/index.php\/wp-json\/wp\/v2\/users\/2"}],"replies":[{"embeddable":true,"href":"https:\/\/www.oparanews.com.br\/index.php\/wp-json\/wp\/v2\/comments?post=26781"}],"version-history":[{"count":1,"href":"https:\/\/www.oparanews.com.br\/index.php\/wp-json\/wp\/v2\/posts\/26781\/revisions"}],"predecessor-version":[{"id":26783,"href":"https:\/\/www.oparanews.com.br\/index.php\/wp-json\/wp\/v2\/posts\/26781\/revisions\/26783"}],"wp:featuredmedia":[{"embeddable":true,"href":"https:\/\/www.oparanews.com.br\/index.php\/wp-json\/wp\/v2\/media\/26782"}],"wp:attachment":[{"href":"https:\/\/www.oparanews.com.br\/index.php\/wp-json\/wp\/v2\/media?parent=26781"}],"wp:term":[{"taxonomy":"category","embeddable":true,"href":"https:\/\/www.oparanews.com.br\/index.php\/wp-json\/wp\/v2\/categories?post=26781"},{"taxonomy":"post_tag","embeddable":true,"href":"https:\/\/www.oparanews.com.br\/index.php\/wp-json\/wp\/v2\/tags?post=26781"}],"curies":[{"name":"wp","href":"https:\/\/api.w.org\/{rel}","templated":true}]}}