{"id":26817,"date":"2023-01-25T22:46:36","date_gmt":"2023-01-26T01:46:36","guid":{"rendered":"https:\/\/www.oparanews.com.br\/?p=26817"},"modified":"2023-01-25T22:46:36","modified_gmt":"2023-01-26T01:46:36","slug":"expresso-saude-amplia-assistencia-para-familias-da-zona-rural-de-penedo","status":"publish","type":"post","link":"https:\/\/www.oparanews.com.br\/index.php\/2023\/01\/25\/expresso-saude-amplia-assistencia-para-familias-da-zona-rural-de-penedo\/","title":{"rendered":"Expresso Sa\u00fade amplia assist\u00eancia para fam\u00edlias da zona rural de Penedo"},"content":{"rendered":"<p>O gestor do munic\u00edpio com desempenho excelente na rede b\u00e1sica de aten\u00e7\u00e3o promove mais um avan\u00e7o em sa\u00fade p\u00fablica para o povo de Penedo. No final da tarde desta quarta-feira, 25, o Prefeito Ronaldo Lopes entregou o Expresso Sa\u00fade.<\/p>\n<p>&nbsp;<\/p>\n<p>A unidade m\u00f3vel adquirida com recursos destinados pelo Senador Renan Calheiros \u00e9 um investimento de aproximadamente novecentos mil reais (R$ 899.800.000.00) para atender, prioritariamente, fam\u00edlias que residem nos povoados menores e mais distantes.<\/p>\n<p>&nbsp;<\/p>\n<p>Ronaldo Lopes frisou em seu discurso as reivindica\u00e7\u00f5es das pessoas que dependem do posto de sa\u00fade situado em comunidade polo de cada regi\u00e3o, pedidos feitos ainda durante a campanha eleitoral sobre a reabertura dos anexos para que pudessem ter acesso aos servi\u00e7os da Secretaria Municipal de Sa\u00fade (SEMS).<\/p>\n<p><a href=\"http:\/\/www.oparanews.com.br\/wp-content\/uploads\/2023\/01\/waninna-ronaldo-1024x682-1.jpeg\"><img loading=\"lazy\" decoding=\"async\" class=\"aligncenter size-full wp-image-26821\" src=\"http:\/\/www.oparanews.com.br\/wp-content\/uploads\/2023\/01\/waninna-ronaldo-1024x682-1.jpeg\" alt=\"\" width=\"1024\" height=\"682\" srcset=\"https:\/\/www.oparanews.com.br\/wp-content\/uploads\/2023\/01\/waninna-ronaldo-1024x682-1.jpeg 1024w, https:\/\/www.oparanews.com.br\/wp-content\/uploads\/2023\/01\/waninna-ronaldo-1024x682-1-300x200.jpeg 300w, https:\/\/www.oparanews.com.br\/wp-content\/uploads\/2023\/01\/waninna-ronaldo-1024x682-1-768x512.jpeg 768w\" sizes=\"auto, (max-width: 1024px) 100vw, 1024px\" \/><\/a><\/p>\n<p>Considerando o alto custo para recuperar, equipar e manter as extens\u00f5es das unidades da rede da SEMS com baixa demanda de atendimento di\u00e1rio, o governo que \u00e9 refer\u00eancia em boas pr\u00e1ticas na gest\u00e3o da sa\u00fade \u2013 conforme ressaltou o Secret\u00e1rio Executivo da Sesau Guilherme Lopes \u2013 buscou a melhor solu\u00e7\u00e3o.<\/p>\n<p>&nbsp;<\/p>\n<p>O Expresso Sa\u00fade assegura agilidade na assist\u00eancia m\u00e9dica e odontol\u00f3gica porque o \u00f4nibus adaptado funciona como um posto de sa\u00fade m\u00f3vel, com todos os servi\u00e7os dispon\u00edveis em uma unidade fixa, uma nova ferramenta para o Programa Sa\u00fade Por Todo Canto, lan\u00e7ado durante a gest\u00e3o de Guilherme Lopes na Secretaria de Sa\u00fade de Penedo.<\/p>\n<p>&nbsp;<\/p>\n<p>E a primeira comunidade beneficiada \u00e9 a Embrapa, j\u00e1 na pr\u00f3xima sexta-feira, 27.<\/p>\n<p>&nbsp;<\/p>\n<p>\u201c\u00c9 muito bacana saber que Penedo \u00e9 refer\u00eancia positiva para os outros munic\u00edpios alagoanos e isso faz com que a gente tenha orgulho desse trabalho\u201d, disse Guilherme Lopes, refor\u00e7ando o apoio do Governador Paulo Dantas \u00e0 gest\u00e3o do \u201cprefeito que promete e cumpre\u201d, como destacou em seu pronunciamento sobre o trabalho de Ronaldo Lopes.<\/p>\n<p><a href=\"http:\/\/www.oparanews.com.br\/wp-content\/uploads\/2023\/01\/guilherme-lopessesau-1024x682-1.jpeg\"><img loading=\"lazy\" decoding=\"async\" class=\"aligncenter size-full wp-image-26820\" src=\"http:\/\/www.oparanews.com.br\/wp-content\/uploads\/2023\/01\/guilherme-lopessesau-1024x682-1.jpeg\" alt=\"\" width=\"1024\" height=\"682\" srcset=\"https:\/\/www.oparanews.com.br\/wp-content\/uploads\/2023\/01\/guilherme-lopessesau-1024x682-1.jpeg 1024w, https:\/\/www.oparanews.com.br\/wp-content\/uploads\/2023\/01\/guilherme-lopessesau-1024x682-1-300x200.jpeg 300w, https:\/\/www.oparanews.com.br\/wp-content\/uploads\/2023\/01\/guilherme-lopessesau-1024x682-1-768x512.jpeg 768w\" sizes=\"auto, (max-width: 1024px) 100vw, 1024px\" \/><\/a><\/p>\n<p>O empenho do gestor penedense tamb\u00e9m foi enaltecido pelo Presidente da C\u00e2mara Municipal de Penedo, Vereador Messias da Fil\u00f3 (Manoel Messias Lima).<\/p>\n<p>&nbsp;<\/p>\n<p>\u201cN\u00f3s temos um prefeito que tem compromisso e trabalha para buscar solu\u00e7\u00f5es vi\u00e1veis para o homem do campo, inclusive dos menores e mais distantes povoados de Penedo. Voc\u00ea tem sido um gestor presente n\u00e3o somente na cidade, mas tamb\u00e9m em nossa zona rural\u201d, afirmou o parlamentar com duas gest\u00f5es na pasta da agricultura da Prefeitura de Penedo.<\/p>\n<p>&nbsp;<\/p>\n<p>Waninna Mendon\u00e7a, Secret\u00e1ria Municipal de Sa\u00fade, destacou a import\u00e2ncia do Expresso Sa\u00fade, acrescentando que a unidade m\u00f3vel tamb\u00e9m vai promover acesso a especialidades m\u00e9dicas, atendimento programado por comunidade, conforme a demanda de cada uma. \u201cEssa assist\u00eancia tamb\u00e9m vai ficar pr\u00f3xima da casa dessas pessoas e isso \u00e9 mais um avan\u00e7o muito importante\u201d, ressaltou a gestora da SEMS.<\/p>\n<p><a href=\"http:\/\/www.oparanews.com.br\/wp-content\/uploads\/2023\/01\/expresso-saude-penedo-12-1024x682-1.jpeg\"><img loading=\"lazy\" decoding=\"async\" class=\"aligncenter size-full wp-image-26819\" src=\"http:\/\/www.oparanews.com.br\/wp-content\/uploads\/2023\/01\/expresso-saude-penedo-12-1024x682-1.jpeg\" alt=\"\" width=\"1024\" height=\"682\" srcset=\"https:\/\/www.oparanews.com.br\/wp-content\/uploads\/2023\/01\/expresso-saude-penedo-12-1024x682-1.jpeg 1024w, https:\/\/www.oparanews.com.br\/wp-content\/uploads\/2023\/01\/expresso-saude-penedo-12-1024x682-1-300x200.jpeg 300w, https:\/\/www.oparanews.com.br\/wp-content\/uploads\/2023\/01\/expresso-saude-penedo-12-1024x682-1-768x512.jpeg 768w\" sizes=\"auto, (max-width: 1024px) 100vw, 1024px\" \/><\/a><\/p>\n<p>Uma amostra do novo trabalho do governo Ronaldo Lopes fo vista durante o ato realizado em frente da Prefeitura de Penedo. A equipe do PSF 09 do Raimundinho atendeu pacientes antes e depois da solenidade prestigiada por vereadores, integrantes do primeiro escal\u00e3o da administra\u00e7\u00e3o municipal e populares.<\/p>\n<p>&nbsp;<\/p>\n<p>E os benef\u00edcios para a popula\u00e7\u00e3o penedense n\u00e3o param. Nesta quinta-feira, 26, Ronaldo Lopes entrega um ve\u00edculo para o Conselho Municipal de Idoso e mais dois equipamentos para a Secretaria Municipal de Servi\u00e7os P\u00fablicos, um caminh\u00e3o compactador de lixo e um carro-pipa. A solenidade acontece a partir das 9 horas, na Pra\u00e7a Bar\u00e3o de Penedo.<\/p>\n<p>&nbsp;<\/p>\n<p>&nbsp;<\/p>\n<p>&nbsp;<\/p>\n<p><strong>Fonte: Secom PMP<\/strong><\/p>\n<p>&nbsp;<\/p>\n","protected":false},"excerpt":{"rendered":"<p>O gestor do munic\u00edpio com desempenho excelente na rede b\u00e1sica de aten\u00e7\u00e3o promove mais um avan\u00e7o em sa\u00fade p\u00fablica para o povo de Penedo. No final da tarde desta quarta-feira, 25, o Prefeito Ronaldo Lopes entregou o Expresso Sa\u00fade. &nbsp; A unidade m\u00f3vel adquirida com recursos destinados pelo Senador Renan Calheiros \u00e9 um investimento de &hellip;<\/p>\n","protected":false},"author":2,"featured_media":26818,"comment_status":"open","ping_status":"open","sticky":false,"template":"","format":"standard","meta":{"_jetpack_memberships_contains_paid_content":false,"footnotes":""},"categories":[1,3],"tags":[],"class_list":["post-26817","post","type-post","status-publish","format-standard","has-post-thumbnail","hentry","category-destaque","category-penedo"],"jetpack_featured_media_url":"https:\/\/www.oparanews.com.br\/wp-content\/uploads\/2023\/01\/expresso-saude-penedo-1.jpeg","jetpack_sharing_enabled":true,"_links":{"self":[{"href":"https:\/\/www.oparanews.com.br\/index.php\/wp-json\/wp\/v2\/posts\/26817","targetHints":{"allow":["GET"]}}],"collection":[{"href":"https:\/\/www.oparanews.com.br\/index.php\/wp-json\/wp\/v2\/posts"}],"about":[{"href":"https:\/\/www.oparanews.com.br\/index.php\/wp-json\/wp\/v2\/types\/post"}],"author":[{"embeddable":true,"href":"https:\/\/www.oparanews.com.br\/index.php\/wp-json\/wp\/v2\/users\/2"}],"replies":[{"embeddable":true,"href":"https:\/\/www.oparanews.com.br\/index.php\/wp-json\/wp\/v2\/comments?post=26817"}],"version-history":[{"count":1,"href":"https:\/\/www.oparanews.com.br\/index.php\/wp-json\/wp\/v2\/posts\/26817\/revisions"}],"predecessor-version":[{"id":26822,"href":"https:\/\/www.oparanews.com.br\/index.php\/wp-json\/wp\/v2\/posts\/26817\/revisions\/26822"}],"wp:featuredmedia":[{"embeddable":true,"href":"https:\/\/www.oparanews.com.br\/index.php\/wp-json\/wp\/v2\/media\/26818"}],"wp:attachment":[{"href":"https:\/\/www.oparanews.com.br\/index.php\/wp-json\/wp\/v2\/media?parent=26817"}],"wp:term":[{"taxonomy":"category","embeddable":true,"href":"https:\/\/www.oparanews.com.br\/index.php\/wp-json\/wp\/v2\/categories?post=26817"},{"taxonomy":"post_tag","embeddable":true,"href":"https:\/\/www.oparanews.com.br\/index.php\/wp-json\/wp\/v2\/tags?post=26817"}],"curies":[{"name":"wp","href":"https:\/\/api.w.org\/{rel}","templated":true}]}}