{"id":26849,"date":"2023-01-26T21:00:36","date_gmt":"2023-01-27T00:00:36","guid":{"rendered":"https:\/\/www.oparanews.com.br\/?p=26849"},"modified":"2023-01-26T21:00:36","modified_gmt":"2023-01-27T00:00:36","slug":"penedo-recebe-novos-investimentos-do-programa-fortalece-alagoas","status":"publish","type":"post","link":"https:\/\/www.oparanews.com.br\/index.php\/2023\/01\/26\/penedo-recebe-novos-investimentos-do-programa-fortalece-alagoas\/","title":{"rendered":"Penedo recebe novos investimentos do Programa Fortalece Alagoas"},"content":{"rendered":"<p>O maior programa de aquisi\u00e7\u00e3o de ve\u00edculos e equipamentos realizado pelo governo estadual gera novos benef\u00edcios para o povo de Penedo. Nesta quinta-feira, 26, o Programa Fortalece Alagoas refor\u00e7ou os trabalhos da administra\u00e7\u00e3o Ronaldo Lopes.<\/p>\n<p>&nbsp;<\/p>\n<p>Os investimentos iniciados por Renan Filho seguem a todo vapor com Paulo Dantas, parceiros da popula\u00e7\u00e3o penedense beneficiada com mais um caminh\u00e3o compactador de lixo e um carro-pipa.<\/p>\n<p>&nbsp;<\/p>\n<p>Os novos ve\u00edculos da frota municipal ser\u00e3o utilizados nas a\u00e7\u00f5es de rotina da Secretaria Municipal de Servi\u00e7os P\u00fablicos (SEMSP), principal executora de obras realizadas por Ronaldo Lopes, e da Secretaria Municipal de Meio Ambiente e Recursos H\u00eddricos (SEMARH).<\/p>\n<p>&nbsp;<\/p>\n<p>O caminh\u00e3o compactador ir\u00e1 ampliar o recolhimento di\u00e1rio de lixo dom\u00e9stico, com um novo hor\u00e1rio noturno para atender os pontos mais cr\u00edticos, conforme informou o engenheiro Ivo Costa, gestor da SEMSP.<\/p>\n<p>&nbsp;<\/p>\n<p>O carro-pipa tamb\u00e9m \u00e9 fundamental para a manuten\u00e7\u00e3o das estradas vicinais \u2013 cuidadas como nunca se fez na hist\u00f3ria de Penedo -, e servi\u00e7os de terraplanagem, assim como na rotina da SEMARH em rela\u00e7\u00e3o \u00e0s pra\u00e7as e canteiros da cidade.<\/p>\n<p>&nbsp;<\/p>\n<p>\u201cTudo o que acontece de bom em nosso munic\u00edpio \u00e9 fruto do trabalho de todos n\u00f3s, do secretariado da nossa administra\u00e7\u00e3o, voc\u00eas servidores, e tamb\u00e9m do apoio que temos de Renan Filho, do Paulo Dantas e dos vereadores. Penedo vem se destacando em v\u00e1rios setores e vamos melhorar ainda mais \u201d, afirma Ronaldo Lopes.<\/p>\n<p>&nbsp;<\/p>\n<p>Dos 17 munic\u00edpios do estado habilitados em edital do governo federal, Penedo foi um dos cinco contemplados com equipamentos porque o colegiado local \u00e9 atuante e ativo na prote\u00e7\u00e3o \u00e0 pessoa idosa, gra\u00e7as ao apoio do gestor com apenas dois anos de mandato e muita obras realizadas.<\/p>\n<p>&nbsp;<\/p>\n<p>&nbsp;<\/p>\n<p>&nbsp;<\/p>\n<p><strong>Fonte: Secom PMP<\/strong><\/p>\n<p>&nbsp;<\/p>\n","protected":false},"excerpt":{"rendered":"<p>O maior programa de aquisi\u00e7\u00e3o de ve\u00edculos e equipamentos realizado pelo governo estadual gera novos benef\u00edcios para o povo de Penedo. Nesta quinta-feira, 26, o Programa Fortalece Alagoas refor\u00e7ou os trabalhos da administra\u00e7\u00e3o Ronaldo Lopes. &nbsp; Os investimentos iniciados por Renan Filho seguem a todo vapor com Paulo Dantas, parceiros da popula\u00e7\u00e3o penedense beneficiada com &hellip;<\/p>\n","protected":false},"author":2,"featured_media":26850,"comment_status":"open","ping_status":"open","sticky":false,"template":"","format":"standard","meta":{"_jetpack_memberships_contains_paid_content":false,"footnotes":""},"categories":[1,3],"tags":[],"class_list":["post-26849","post","type-post","status-publish","format-standard","has-post-thumbnail","hentry","category-destaque","category-penedo"],"jetpack_featured_media_url":"https:\/\/www.oparanews.com.br\/wp-content\/uploads\/2023\/01\/penedo-programa-fortalece-alagoas-12.jpeg","jetpack_sharing_enabled":true,"_links":{"self":[{"href":"https:\/\/www.oparanews.com.br\/index.php\/wp-json\/wp\/v2\/posts\/26849","targetHints":{"allow":["GET"]}}],"collection":[{"href":"https:\/\/www.oparanews.com.br\/index.php\/wp-json\/wp\/v2\/posts"}],"about":[{"href":"https:\/\/www.oparanews.com.br\/index.php\/wp-json\/wp\/v2\/types\/post"}],"author":[{"embeddable":true,"href":"https:\/\/www.oparanews.com.br\/index.php\/wp-json\/wp\/v2\/users\/2"}],"replies":[{"embeddable":true,"href":"https:\/\/www.oparanews.com.br\/index.php\/wp-json\/wp\/v2\/comments?post=26849"}],"version-history":[{"count":1,"href":"https:\/\/www.oparanews.com.br\/index.php\/wp-json\/wp\/v2\/posts\/26849\/revisions"}],"predecessor-version":[{"id":26851,"href":"https:\/\/www.oparanews.com.br\/index.php\/wp-json\/wp\/v2\/posts\/26849\/revisions\/26851"}],"wp:featuredmedia":[{"embeddable":true,"href":"https:\/\/www.oparanews.com.br\/index.php\/wp-json\/wp\/v2\/media\/26850"}],"wp:attachment":[{"href":"https:\/\/www.oparanews.com.br\/index.php\/wp-json\/wp\/v2\/media?parent=26849"}],"wp:term":[{"taxonomy":"category","embeddable":true,"href":"https:\/\/www.oparanews.com.br\/index.php\/wp-json\/wp\/v2\/categories?post=26849"},{"taxonomy":"post_tag","embeddable":true,"href":"https:\/\/www.oparanews.com.br\/index.php\/wp-json\/wp\/v2\/tags?post=26849"}],"curies":[{"name":"wp","href":"https:\/\/api.w.org\/{rel}","templated":true}]}}