{"id":26879,"date":"2023-01-28T21:52:18","date_gmt":"2023-01-29T00:52:18","guid":{"rendered":"https:\/\/www.oparanews.com.br\/?p=26879"},"modified":"2023-01-28T21:52:18","modified_gmt":"2023-01-29T00:52:18","slug":"secretaria-de-saude-de-penedo-orienta-populacao-sobre-hanseniase","status":"publish","type":"post","link":"https:\/\/www.oparanews.com.br\/index.php\/2023\/01\/28\/secretaria-de-saude-de-penedo-orienta-populacao-sobre-hanseniase\/","title":{"rendered":"Secretaria de Sa\u00fade de Penedo orienta popula\u00e7\u00e3o sobre hansen\u00edase"},"content":{"rendered":"<p>A Secretaria de Sa\u00fade da Prefeitura de Penedo prioriza o Janeiro Roxo com orienta\u00e7\u00f5es sobre diagn\u00f3stico e tratamento da hansen\u00edase, inclusive para combater o preconceito que envolve essa doen\u00e7a que pode deixar sequelas irrevers\u00edveis.<\/p>\n<p>&nbsp;<\/p>\n<p>O Dia D do Janeiro Roxo realizado no Centro de Sa\u00fade da Mulher na quinta-feira, 26, teve palestras da equipe que atua no centro de refer\u00eancia para tratamento da hansen\u00edase em Penedo, com participa\u00e7\u00e3o de paciente curado por meio do tratamento gratuito disponibilizado pela Secretaria Municipal de Sa\u00fade (SEMS).<\/p>\n<p>&nbsp;<\/p>\n<p>\u201cEu descobri a hansen\u00edase j\u00e1 de forma tardia e passei dias sentindo muitas dores. Agrade\u00e7o muito a enfermeira Jaqueline e a Dra. Ver\u00f4nica que sempre estiveram \u00e0 disposi\u00e7\u00e3o para me ajudar. Me passaram os rem\u00e9dios certos e hoje n\u00e3o sinto mais dores e estou curado\u201d, disse Wesley Santos, paciente tratado e livre da doen\u00e7a.<\/p>\n<p>&nbsp;<\/p>\n<p>Antigamente conhecida como lepra, a hansen\u00edase afeta principalmente pele, olhos, nariz e nervos perif\u00e9ricos. Os sintomas incluem manchas claras ou vermelhas na pele com diminui\u00e7\u00e3o da sensibilidade, dorm\u00eancia e fraqueza nas m\u00e3os e nos p\u00e9s. O tratamento precoce evita les\u00f5es irrevers\u00edveis que pode causar paralisias nas m\u00e3os e nas pernas.<\/p>\n<p>&nbsp;<\/p>\n<p>\u201cA hanseniase \u00e9 contagiosa, mas desde o primeiro dia do tratamento, o paciente para de transmitir a doen\u00e7a. Com isso ele n\u00e3o precisa se afastar da fam\u00edlia ou dos seus afazeres di\u00e1rios. Por isso \u00e9 muito importante procurar um posto de sa\u00fade ao identificar algum dos sintomas e iniciar o tratamento.\u201d, esclareceu a Dra. Ver\u00f4nica Lins.<\/p>\n<p>&nbsp;<\/p>\n<p>Os postos de sa\u00fade de Penedo est\u00e3o preparados, com equipe treinada para diagnosticar a hansen\u00edase e proceder o tratamento com acompanhamento de m\u00e9dicos e enfermeiros.<\/p>\n<p>&nbsp;<\/p>\n<p>&nbsp;<\/p>\n<p>&nbsp;<\/p>\n<p>&nbsp;<\/p>\n<p><strong>Fonte: Secom PMP<\/strong><\/p>\n<p>&nbsp;<\/p>\n","protected":false},"excerpt":{"rendered":"<p>A Secretaria de Sa\u00fade da Prefeitura de Penedo prioriza o Janeiro Roxo com orienta\u00e7\u00f5es sobre diagn\u00f3stico e tratamento da hansen\u00edase, inclusive para combater o preconceito que envolve essa doen\u00e7a que pode deixar sequelas irrevers\u00edveis. &nbsp; O Dia D do Janeiro Roxo realizado no Centro de Sa\u00fade da Mulher na quinta-feira, 26, teve palestras da equipe &hellip;<\/p>\n","protected":false},"author":2,"featured_media":26880,"comment_status":"open","ping_status":"open","sticky":false,"template":"","format":"standard","meta":{"_jetpack_memberships_contains_paid_content":false,"footnotes":""},"categories":[1,3],"tags":[],"class_list":["post-26879","post","type-post","status-publish","format-standard","has-post-thumbnail","hentry","category-destaque","category-penedo"],"jetpack_featured_media_url":"https:\/\/www.oparanews.com.br\/wp-content\/uploads\/2023\/01\/penedo-sems-hanseniase-janeiro-roxo-1.jpeg","jetpack_sharing_enabled":true,"_links":{"self":[{"href":"https:\/\/www.oparanews.com.br\/index.php\/wp-json\/wp\/v2\/posts\/26879","targetHints":{"allow":["GET"]}}],"collection":[{"href":"https:\/\/www.oparanews.com.br\/index.php\/wp-json\/wp\/v2\/posts"}],"about":[{"href":"https:\/\/www.oparanews.com.br\/index.php\/wp-json\/wp\/v2\/types\/post"}],"author":[{"embeddable":true,"href":"https:\/\/www.oparanews.com.br\/index.php\/wp-json\/wp\/v2\/users\/2"}],"replies":[{"embeddable":true,"href":"https:\/\/www.oparanews.com.br\/index.php\/wp-json\/wp\/v2\/comments?post=26879"}],"version-history":[{"count":1,"href":"https:\/\/www.oparanews.com.br\/index.php\/wp-json\/wp\/v2\/posts\/26879\/revisions"}],"predecessor-version":[{"id":26881,"href":"https:\/\/www.oparanews.com.br\/index.php\/wp-json\/wp\/v2\/posts\/26879\/revisions\/26881"}],"wp:featuredmedia":[{"embeddable":true,"href":"https:\/\/www.oparanews.com.br\/index.php\/wp-json\/wp\/v2\/media\/26880"}],"wp:attachment":[{"href":"https:\/\/www.oparanews.com.br\/index.php\/wp-json\/wp\/v2\/media?parent=26879"}],"wp:term":[{"taxonomy":"category","embeddable":true,"href":"https:\/\/www.oparanews.com.br\/index.php\/wp-json\/wp\/v2\/categories?post=26879"},{"taxonomy":"post_tag","embeddable":true,"href":"https:\/\/www.oparanews.com.br\/index.php\/wp-json\/wp\/v2\/tags?post=26879"}],"curies":[{"name":"wp","href":"https:\/\/api.w.org\/{rel}","templated":true}]}}