{"id":26887,"date":"2023-01-29T22:28:27","date_gmt":"2023-01-30T01:28:27","guid":{"rendered":"https:\/\/www.oparanews.com.br\/?p=26887"},"modified":"2023-01-29T22:28:27","modified_gmt":"2023-01-30T01:28:27","slug":"prefeitura-de-penedo-divulga-programacao-do-folia-na-beira-rio-carnaval-2023","status":"publish","type":"post","link":"https:\/\/www.oparanews.com.br\/index.php\/2023\/01\/29\/prefeitura-de-penedo-divulga-programacao-do-folia-na-beira-rio-carnaval-2023\/","title":{"rendered":"Prefeitura de Penedo divulga programa\u00e7\u00e3o do Folia na Beira Rio \u2013 Carnaval 2023"},"content":{"rendered":"<p>A festa mais popular do Brasil acontece em Penedo antes mesmo de seu per\u00edodo oficial. Com o slogan \u201cFolia na Beira Rio\u201d este ano, blocos carnavalescos j\u00e1 est\u00e3o nas ruas da cidade, fazendo as pr\u00e9vias que antecedem a Lavagem do Beco e das escadarias da Igreja do Ros\u00e1rio dos Pretos.<\/p>\n<p>&nbsp;<\/p>\n<p>A data mais esperada do Reinado de Momo em Penedo acontece na sexta-feira, 17 de fevereiro, quando a Secretaria Municipal de Cultura, Lazer e Juventude (SEMCLEJ) promove o desfile que a pandemia de covid impediu de ser realizado nos dois \u00faltimos anos.<\/p>\n<p>&nbsp;<\/p>\n<p>A programa\u00e7\u00e3o oficial do Carnaval 2023 na Cidade Hist\u00f3rica come\u00e7a na Pra\u00e7a Clementino do Monte, a partir das 16 horas, local da concentra\u00e7\u00e3o dos grupos que ir\u00e3o desfilar.<\/p>\n<p>&nbsp;<\/p>\n<p>Ao mesmo tempo, no palco pr\u00f3ximo da Escola Gabino Besouro, a banda infantil Brincar Com Voc\u00ea \u00e9 a atra\u00e7\u00e3o para a crian\u00e7ada. A estrutura montada pela SEMCLEJ tamb\u00e9m recebe a cantora Carla Ara\u00fajo e a orquestra do Maestro Bigodinho, a partir das 21 horas.<\/p>\n<p>&nbsp;<\/p>\n<p>A Lavagem das Escadarias da Igreja do Ros\u00e1rio une adeptos de religi\u00f5es de matriz africana com o ritmo das batucadas penedenses e das orquestras de frevo. Alas de baianas celebram a festa que movimenta o trecho entre a Pra\u00e7a do Coreto e o Ros\u00e1rio Largo.<\/p>\n<p>&nbsp;<\/p>\n<p>Nesse espa\u00e7o, assim que termina o ritual de celebra\u00e7\u00e3o \u00e0 vida, o p\u00fablico cai no frevo, com as orquestras Ases do Frevo, Frevo Folia, Frevo Temperado e Ventos de Penedo.<\/p>\n<p>&nbsp;<\/p>\n<p>A partir do s\u00e1bado de carnaval, cada bloco faz sua festa na comunidade de origem e nas ruas da cidade, conforme dados informados por seus respectivos representantes no cadastramento realizado pela SEMCLEJ.<\/p>\n<p>&nbsp;<\/p>\n<p>Tamb\u00e9m haver\u00e1 baile de carnaval em local fechado, realizado no domingo, 19, a partir das 16 horas, na sede da Sociedade Musical Penedense, localizada no Raimundinho.<\/p>\n<p>&nbsp;<\/p>\n<p>Confira abaixo a programa\u00e7\u00e3o completa do Carnaval 2023 em Penedo<\/p>\n<p><a href=\"http:\/\/www.oparanews.com.br\/wp-content\/uploads\/2023\/01\/programacao_carnaval20232222222222222_01-1.jpg\"><img loading=\"lazy\" decoding=\"async\" class=\"aligncenter size-full wp-image-26888\" src=\"http:\/\/www.oparanews.com.br\/wp-content\/uploads\/2023\/01\/programacao_carnaval20232222222222222_01-1.jpg\" alt=\"\" width=\"1100\" height=\"1300\" srcset=\"https:\/\/www.oparanews.com.br\/wp-content\/uploads\/2023\/01\/programacao_carnaval20232222222222222_01-1.jpg 1100w, https:\/\/www.oparanews.com.br\/wp-content\/uploads\/2023\/01\/programacao_carnaval20232222222222222_01-1-254x300.jpg 254w, https:\/\/www.oparanews.com.br\/wp-content\/uploads\/2023\/01\/programacao_carnaval20232222222222222_01-1-866x1024.jpg 866w, https:\/\/www.oparanews.com.br\/wp-content\/uploads\/2023\/01\/programacao_carnaval20232222222222222_01-1-768x908.jpg 768w\" sizes=\"auto, (max-width: 1100px) 100vw, 1100px\" \/><\/a><\/p>\n<p><strong>PR\u00c9VIAS<\/strong><\/p>\n<p>&nbsp;<\/p>\n<p>02\/01 \u2013 Pinheiro Folia \u2013 13h \u2013 Loteamento Pinheiro<\/p>\n<p>29\/01 \u2013 Nata dos M\u00fasicos \u2013 11h \u2013 S\u00e3o Judas Tadeu \/ Centro Hist\u00f3rico<\/p>\n<p>02\/02 \u2013 O Molinho \u2013 18h \u2013 Coreia \/ Centro<\/p>\n<p>03\/02 \u2013 Vassourinhas \u2013 Boneca Raquel \u2013 19h \u2013 Santa Cruz \/ Centro<\/p>\n<p>03\/02 \u2013 AMBV \u2013 Associa\u00e7\u00e3o de Moradores do Barro Vermelho \u2013 18h30 \u2013 Bairro Santo Ant\u00f4nio<\/p>\n<p>04\/02 \u2013 Ovo da Madrugada \u2013 10h \u2013 Pra\u00e7a J\u00e1come Calheiros \/ Centro Hist\u00f3rico<\/p>\n<p>04\/02 \u2013 Palco Folia: Orquestra Jatob\u00e1 \u2013 Banda Sabaki \u2013 15h \u2013 Pra\u00e7a 12 de Abril<\/p>\n<p>05\/02 \u2013 Bloco do Vasco \u2013 10h \u2013 Pra\u00e7a S\u00e3o Judas Tadeu \/ Nova Orla do BV<\/p>\n<p>05\/02 \u2013 5\u00aa Lavagem do Bonfim \u2013 11h \u2013 Oiteiro<\/p>\n<p>07\/02 \u2013 Pega Pega \u2013 17H \u2013 Feira do Peixe \/ P\u00e7a. dos Artistas<\/p>\n<p>10\/02 \u2013 CAPS Folia \u2013 15h<\/p>\n<p>10\/02 \u2013 Guardi\u00f5es do Baixo S\u00e3o Francisco (11\u00ba BPM) \u2013 15h \u2013 P\u00e7a. Clementino do Monte \/ Orla<\/p>\n<p>11\/02 \u2013 Galiante (Tadeu e seus Bonecos) \u2013 14h \u2013 Beco do Hospital<\/p>\n<p>12\/02 \u2013 BH Folia \u2013 14h \u2013 Beco do Hospital<\/p>\n<p>12\/02 \u2013 Varq Folia \u2013 Mumba\u00e7a \u2013 Parque Aldair (Santa Luzia)<\/p>\n<p>16\/02 \u2013 Filho do Cacique \u2013 17h \u2013 Camartelo<\/p>\n<p>&nbsp;<\/p>\n<p><strong>LAVAGEM DO ROS\u00c1RIO \u2013 17\/02<\/strong><\/p>\n<p>&nbsp;<\/p>\n<p>16h \u2013 Concentra\u00e7\u00e3o com Orquestra Frevo Ra\u00edzes \u2013 Pra\u00e7a Clementino do Monte \u2013 Pra\u00e7a Marechal Deodoro<\/p>\n<p>16h \u2013 Banda Infantil \u201cBrincar com Voc\u00ea\u201d \u2013 Palco Folia \u2013 (Pr\u00f3ximo ao Tiro de Guerra)<\/p>\n<p>18h \u2013 Desfile das Baianas e Lavagem das Escadarias do Ros\u00e1rio \u2013 P\u00e7a. Clementino do Monte \/ P\u00e7a. Marechal Deodoro<\/p>\n<p>&nbsp;<\/p>\n<p>Batucada Unidos do Bairro<br \/>\nBatucada Milion\u00e1rios do Samba<br \/>\nVanguarda Musical Penedense,<br \/>\nBoneca Raquel e Tadeu e seus Bonecos<br \/>\nOrquestra Frevo Ra\u00edzes e Boneca Sulamita<br \/>\nBloco \u201cLegi\u00e3o de Amigos\u201d<br \/>\nBloco \u201cAcademia Penedo Fitness\u201d<br \/>\nBloco \u201cL\u00e1 Vem Elas\u201d<br \/>\nBloco \u201cParceiros Beer\u201d Som<\/p>\n<p>&nbsp;<\/p>\n<p><strong>CORREDOR DA FOLIA<\/strong><\/p>\n<p>&nbsp;<\/p>\n<p>Orquestra Ases do Frevo \u2013 Concentra\u00e7\u00e3o P\u00e7a. Jacome Calheiros<\/p>\n<p>Orquestra Frevo Folia \u2013 Concentra\u00e7\u00e3o P\u00e7a. Jacome Calheiros<\/p>\n<p>Orquestra Frevo Temperado \u2013 Concentra\u00e7\u00e3o P\u00e7a. Jacome Calheiros<\/p>\n<p>Orquestra Ventos de Penedo \u2013 Concentra\u00e7\u00e3o P\u00e7a. Jacome Calheiros<\/p>\n<p>21h \u2013 Carla Ara\u00fajo Orquestra \u201cMaestro Bigodinho\u201d \u2013 Palco Folia \u2013 (Pr\u00f3ximo ao Tiro de Guerra)<\/p>\n<p>&nbsp;<\/p>\n<p><strong>BLOCOS TRADICIONAIS \/ ALTERNATIVOS 18\/02<\/strong><\/p>\n<p>&nbsp;<\/p>\n<p>14h \u2013 Vale Folia \u2013 Conj. Vale do S\u00e3o Francisco<\/p>\n<p>14h30 \u2013 Bloc\u00e3o Folia (Bloco PET) \u2013 P\u00e7a. Jacome Calheiros<\/p>\n<p>15h \u2013 Madre Folia \u2013 Conj. Madre Esp\u00edrito Santo<\/p>\n<p>15h \u2013 Molecada do BV \u2013 Bairro Santo Ant\u00f4nio<\/p>\n<p>15h \u2013 Concentra, Mas N\u00e3o Sai \u2013 Rua 15 de Novembro \/ Rocheira<\/p>\n<p>17h \u2013 Filho do Cacique (Z\u00e9 Pintinha) \u2013 Camartelo \/ Centro<\/p>\n<p>19h \u2013 Mister Cat \u2013 Av. C\u00e2ndido Toledo \/ P\u00e7a S\u00e3o Judas Tadeu<\/p>\n<p>19h \u2013 Uz Fren\u00e9ticos \u2013 Av. C\u00e2ndido Toledo \/ P\u00e7a S\u00e3o Judas Tadeu<\/p>\n<p>&nbsp;<\/p>\n<p><strong>BLOCOS TRADICIONAIS \/ ALTERNATIVOS 19\/02<\/strong><\/p>\n<p>&nbsp;<\/p>\n<p>10h \u2013 Penedo FLA \u2013 Santa Cruz \/ Centro<\/p>\n<p>11h30 \u2013 Os Malvados \u2013 Santa Cruz \/ Centro<\/p>\n<p>14h \u2013 Bloco de \u00c1lcool \u2013 Conj. Marisa Let\u00edcia<\/p>\n<p>14h \u2013 Bloco do Manibu \u2013 Povoado Manibu<\/p>\n<p>15h \u2013 Bloco Panel\u00e3o \u2013 Bairro Santo Ant\u00f4nio<\/p>\n<p>15h \u2013 Kevin Vem \u2013 Rua das Bananeiras<\/p>\n<p>16h \u2013 Carnaval de Clube Musical Penedense \u2013 Sede da Musical<\/p>\n<p>16h \u2013 Os Caciques \u2013 P\u00e7a. do Gabriel<\/p>\n<p>(Hor\u00e1rio a definir) \u2013 Bloco da Saudade ICAMAP \u2013 Jacome Calheiros<br \/>\n(Hor\u00e1rio a definir) \u2013 Sulamita\u2013 Feirinha de Santa Luzia<br \/>\n(Hor\u00e1rio a definir) \u2013 Pergunte a Ela\u2013 Conj. Velho Chico 1<br \/>\n(Hor\u00e1rio a definir) \u2013 Os Dominados \u2013 Coreia<\/p>\n<p>&nbsp;<\/p>\n<p><strong>BLOCOS TRADICIONAIS \/ ALTERNATIVOS 20\/02<\/strong><\/p>\n<p>&nbsp;<\/p>\n<p>14h \u2013 Loukos do Aterro \u2013 Bairro Santo Ant\u00f4nio<\/p>\n<p>15h \u2013 Legi\u00e3o de Amigos \u2013 Santa Cruz \/ Centro Hist\u00f3rico<\/p>\n<p>19h30 \u2013 Os Pernalongas \u2013 P\u00e7a. do Clementino \/ Raimundinho<\/p>\n<p>(Hor\u00e1rio a definir) \u2013 Sulamita \u2013 Feirinha de Santa Luzia<br \/>\n(Hor\u00e1rio a definir) \u2013 Clube da Luluzinha \u2013 Bairro Santo Ant\u00f4nio<br \/>\n(Hor\u00e1rio a definir) \u2013 Como Teu Amor \u2013 Trevo do Bom Jesus dos Navegantes<br \/>\n(Hor\u00e1rio a definir) \u2013 Grupo de Amigos \u2013 Povoado Ponta Monfina<\/p>\n<p>&nbsp;<\/p>\n<p><strong>BLOCOS TRADICIONAIS \/ ALTERNATIVOS 21\/02<\/strong><\/p>\n<p>&nbsp;<\/p>\n<p>11h30 \u2013 Os Malvados\u2013 Santa Cruz \/ Centro<\/p>\n<p>15h \u2013 Madre Folia \u2013 Conj. Madre Esp\u00edrito Santo<\/p>\n<p>15h \u2013 Legi\u00e3o de Amigos \u2013 Santa Cruz \/ Centro Hist\u00f3rico<\/p>\n<p>16h \u2013 Carnaval de Clube Musical Penedense \u2013 Sede da Musical<\/p>\n<p>17h \u2013 Filho do Cacique (Z\u00e9 Pintinha) \u2013 Camartelo \/ Centro<\/p>\n<p>18h30 \u2013 Bloco Furac\u00e3o \u2013 Rua Alto S\u00e3o Jo\u00e3o \/ P\u00e7a. Marechal Deodoro<\/p>\n<p>(Hor\u00e1rio a definir) \u2013 Bloco da Saudade ICAMAP \u2013 P\u00e7a. Jacome Calheiros<br \/>\n(Hor\u00e1rio a definir) \u2013 Pergunte a Ela \u2013 Bairro Santo Ant\u00f4nio<br \/>\n(Hor\u00e1rio a definir) \u2013Sulamita \u2013 Feirinha de Santa Luzia<br \/>\n(Hor\u00e1rio a definir) \u2013 Grupo de Amigos \u2013 Povoado Ponta Monfina<\/p>\n<p>&nbsp;<\/p>\n<p>&nbsp;<\/p>\n<p>&nbsp;<\/p>\n<p><strong>Fonte: Secom PMP<\/strong><\/p>\n<p>&nbsp;<\/p>\n","protected":false},"excerpt":{"rendered":"<p>A festa mais popular do Brasil acontece em Penedo antes mesmo de seu per\u00edodo oficial. Com o slogan \u201cFolia na Beira Rio\u201d este ano, blocos carnavalescos j\u00e1 est\u00e3o nas ruas da cidade, fazendo as pr\u00e9vias que antecedem a Lavagem do Beco e das escadarias da Igreja do Ros\u00e1rio dos Pretos. &nbsp; A data mais esperada &hellip;<\/p>\n","protected":false},"author":2,"featured_media":26889,"comment_status":"open","ping_status":"open","sticky":false,"template":"","format":"standard","meta":{"_jetpack_memberships_contains_paid_content":false,"footnotes":""},"categories":[1,3],"tags":[],"class_list":["post-26887","post","type-post","status-publish","format-standard","has-post-thumbnail","hentry","category-destaque","category-penedo"],"jetpack_featured_media_url":"https:\/\/www.oparanews.com.br\/wp-content\/uploads\/2023\/01\/lavagem-rosario-2020-penedo-foto-roberto-miranda5-1.jpeg","jetpack_sharing_enabled":true,"_links":{"self":[{"href":"https:\/\/www.oparanews.com.br\/index.php\/wp-json\/wp\/v2\/posts\/26887","targetHints":{"allow":["GET"]}}],"collection":[{"href":"https:\/\/www.oparanews.com.br\/index.php\/wp-json\/wp\/v2\/posts"}],"about":[{"href":"https:\/\/www.oparanews.com.br\/index.php\/wp-json\/wp\/v2\/types\/post"}],"author":[{"embeddable":true,"href":"https:\/\/www.oparanews.com.br\/index.php\/wp-json\/wp\/v2\/users\/2"}],"replies":[{"embeddable":true,"href":"https:\/\/www.oparanews.com.br\/index.php\/wp-json\/wp\/v2\/comments?post=26887"}],"version-history":[{"count":1,"href":"https:\/\/www.oparanews.com.br\/index.php\/wp-json\/wp\/v2\/posts\/26887\/revisions"}],"predecessor-version":[{"id":26890,"href":"https:\/\/www.oparanews.com.br\/index.php\/wp-json\/wp\/v2\/posts\/26887\/revisions\/26890"}],"wp:featuredmedia":[{"embeddable":true,"href":"https:\/\/www.oparanews.com.br\/index.php\/wp-json\/wp\/v2\/media\/26889"}],"wp:attachment":[{"href":"https:\/\/www.oparanews.com.br\/index.php\/wp-json\/wp\/v2\/media?parent=26887"}],"wp:term":[{"taxonomy":"category","embeddable":true,"href":"https:\/\/www.oparanews.com.br\/index.php\/wp-json\/wp\/v2\/categories?post=26887"},{"taxonomy":"post_tag","embeddable":true,"href":"https:\/\/www.oparanews.com.br\/index.php\/wp-json\/wp\/v2\/tags?post=26887"}],"curies":[{"name":"wp","href":"https:\/\/api.w.org\/{rel}","templated":true}]}}