{"id":26897,"date":"2023-01-30T23:18:30","date_gmt":"2023-01-31T02:18:30","guid":{"rendered":"https:\/\/www.oparanews.com.br\/?p=26897"},"modified":"2023-01-30T23:18:30","modified_gmt":"2023-01-31T02:18:30","slug":"industria-de-pre-moldados-prepara-instalacao-de-unidade-em-penedo","status":"publish","type":"post","link":"https:\/\/www.oparanews.com.br\/index.php\/2023\/01\/30\/industria-de-pre-moldados-prepara-instalacao-de-unidade-em-penedo\/","title":{"rendered":"Ind\u00fastria de pr\u00e9-moldados prepara instala\u00e7\u00e3o de unidade em Penedo"},"content":{"rendered":"<p>O vice-prefeito de Penedo Jo\u00e3o Lucas e o Secret\u00e1rio Municipal de Desenvolvimento Econ\u00f4mico, Ind\u00fastria e Com\u00e9rcio, Pedro Queiroz, estiveram em Olho d\u2019\u00c1gua do Casado, munic\u00edpio localizado no Sert\u00e3o Alagoano, onde conheceram toda a produ\u00e7\u00e3o e log\u00edstica da ind\u00fastria Comercial Casado Ltda., especializada no ramo de pr\u00e9-moldados e constru\u00e7\u00e3o.<\/p>\n<p>&nbsp;<\/p>\n<p>Recepcionados pelo empres\u00e1rio Jos\u00e9 dos Santos, os penedenses alinharam os preparativos para a instala\u00e7\u00e3o de uma unidade da empresa Comercial Casado no Polo Multissetorial de Penedo j\u00e1 no pr\u00f3ximo m\u00eas de fevereiro.<\/p>\n<p>&nbsp;<\/p>\n<p>O empres\u00e1rio que atua no ramo h\u00e1 mais de 30 anos esteve recentemente em Penedo, onde se reuniu com o Prefeito Ronaldo Lopes e deixou claro seu plano de ampliar os neg\u00f3cios, escolhendo o munic\u00edpio ribeirinho para sediar a nova unidade da ind\u00fastria.<\/p>\n<figure id=\"attachment_26899\" aria-describedby=\"caption-attachment-26899\" style=\"width: 1600px\" class=\"wp-caption aligncenter\"><a href=\"http:\/\/www.oparanews.com.br\/wp-content\/uploads\/2023\/01\/joao-lucas-pedro-queiroz-empresa-pre-moldados-4.jpeg\"><img loading=\"lazy\" decoding=\"async\" class=\"size-full wp-image-26899\" src=\"http:\/\/www.oparanews.com.br\/wp-content\/uploads\/2023\/01\/joao-lucas-pedro-queiroz-empresa-pre-moldados-4.jpeg\" alt=\"\" width=\"1600\" height=\"1200\" srcset=\"https:\/\/www.oparanews.com.br\/wp-content\/uploads\/2023\/01\/joao-lucas-pedro-queiroz-empresa-pre-moldados-4.jpeg 1600w, https:\/\/www.oparanews.com.br\/wp-content\/uploads\/2023\/01\/joao-lucas-pedro-queiroz-empresa-pre-moldados-4-300x225.jpeg 300w, https:\/\/www.oparanews.com.br\/wp-content\/uploads\/2023\/01\/joao-lucas-pedro-queiroz-empresa-pre-moldados-4-1024x768.jpeg 1024w, https:\/\/www.oparanews.com.br\/wp-content\/uploads\/2023\/01\/joao-lucas-pedro-queiroz-empresa-pre-moldados-4-768x576.jpeg 768w, https:\/\/www.oparanews.com.br\/wp-content\/uploads\/2023\/01\/joao-lucas-pedro-queiroz-empresa-pre-moldados-4-1536x1152.jpeg 1536w\" sizes=\"auto, (max-width: 1600px) 100vw, 1600px\" \/><\/a><figcaption id=\"caption-attachment-26899\" class=\"wp-caption-text\">Rafael Medeiros<\/figcaption><\/figure>\n<p>O Secret\u00e1rio Pedro Queiroz reafirmou durante sua visita a satisfa\u00e7\u00e3o do prefeito Ronaldo Lopes em receber o empreendimento em Penedo, possibilitando a gera\u00e7\u00e3o direta e indireta de emprego e renda no munic\u00edpio.<\/p>\n<p>&nbsp;<\/p>\n<p>O gestor da Sedecin destaca que a articula\u00e7\u00e3o institucional para atrair novos investimentos para Penedo, de diferentes setores, faz parte do plano de trabalho da pasta.<\/p>\n<p>&nbsp;<\/p>\n<p>J\u00e1 o empres\u00e1rio Jos\u00e9 dos Santos, n\u00e3o escondeu a alegria de poder contar com o empenho de todos que fazem a gest\u00e3o Penedo, Crescendo Com Seu Povo para a instala\u00e7\u00e3o do empreendimento que gera emprego e renda no munic\u00edpio.<\/p>\n<p>&nbsp;<\/p>\n<p>\u201cEstamos felizes em mostrar como nossa empresa funciona atendendo munic\u00edpios do sert\u00e3o alagoano e tamb\u00e9m de Pernambuco, vislumbrando muito em breve, tamb\u00e9m colocarmos \u00e0 disposi\u00e7\u00e3o os nossos servi\u00e7os no Baixo S\u00e3o Francisco e Sul de Alagoas, al\u00e9m do Norte sergipano\u201d, enfatizou o empres\u00e1rio Jos\u00e9 dos Santos.<\/p>\n<p>&nbsp;<\/p>\n<p>&nbsp;<\/p>\n<p>&nbsp;<\/p>\n<p>&nbsp;<\/p>\n<p><strong>Fonte: Secom PMP<\/strong><\/p>\n<p>&nbsp;<\/p>\n","protected":false},"excerpt":{"rendered":"<p>O vice-prefeito de Penedo Jo\u00e3o Lucas e o Secret\u00e1rio Municipal de Desenvolvimento Econ\u00f4mico, Ind\u00fastria e Com\u00e9rcio, Pedro Queiroz, estiveram em Olho d\u2019\u00c1gua do Casado, munic\u00edpio localizado no Sert\u00e3o Alagoano, onde conheceram toda a produ\u00e7\u00e3o e log\u00edstica da ind\u00fastria Comercial Casado Ltda., especializada no ramo de pr\u00e9-moldados e constru\u00e7\u00e3o. &nbsp; Recepcionados pelo empres\u00e1rio Jos\u00e9 dos Santos, &hellip;<\/p>\n","protected":false},"author":2,"featured_media":26898,"comment_status":"open","ping_status":"open","sticky":false,"template":"","format":"standard","meta":{"_jetpack_memberships_contains_paid_content":false,"footnotes":""},"categories":[1,3],"tags":[],"class_list":["post-26897","post","type-post","status-publish","format-standard","has-post-thumbnail","hentry","category-destaque","category-penedo"],"jetpack_featured_media_url":"https:\/\/www.oparanews.com.br\/wp-content\/uploads\/2023\/01\/joao-lucas-pedro-queiroz-empresa-pre-moldados-1.jpeg","jetpack_sharing_enabled":true,"_links":{"self":[{"href":"https:\/\/www.oparanews.com.br\/index.php\/wp-json\/wp\/v2\/posts\/26897","targetHints":{"allow":["GET"]}}],"collection":[{"href":"https:\/\/www.oparanews.com.br\/index.php\/wp-json\/wp\/v2\/posts"}],"about":[{"href":"https:\/\/www.oparanews.com.br\/index.php\/wp-json\/wp\/v2\/types\/post"}],"author":[{"embeddable":true,"href":"https:\/\/www.oparanews.com.br\/index.php\/wp-json\/wp\/v2\/users\/2"}],"replies":[{"embeddable":true,"href":"https:\/\/www.oparanews.com.br\/index.php\/wp-json\/wp\/v2\/comments?post=26897"}],"version-history":[{"count":1,"href":"https:\/\/www.oparanews.com.br\/index.php\/wp-json\/wp\/v2\/posts\/26897\/revisions"}],"predecessor-version":[{"id":26900,"href":"https:\/\/www.oparanews.com.br\/index.php\/wp-json\/wp\/v2\/posts\/26897\/revisions\/26900"}],"wp:featuredmedia":[{"embeddable":true,"href":"https:\/\/www.oparanews.com.br\/index.php\/wp-json\/wp\/v2\/media\/26898"}],"wp:attachment":[{"href":"https:\/\/www.oparanews.com.br\/index.php\/wp-json\/wp\/v2\/media?parent=26897"}],"wp:term":[{"taxonomy":"category","embeddable":true,"href":"https:\/\/www.oparanews.com.br\/index.php\/wp-json\/wp\/v2\/categories?post=26897"},{"taxonomy":"post_tag","embeddable":true,"href":"https:\/\/www.oparanews.com.br\/index.php\/wp-json\/wp\/v2\/tags?post=26897"}],"curies":[{"name":"wp","href":"https:\/\/api.w.org\/{rel}","templated":true}]}}