{"id":26920,"date":"2023-01-31T23:30:03","date_gmt":"2023-02-01T02:30:03","guid":{"rendered":"https:\/\/www.oparanews.com.br\/?p=26920"},"modified":"2023-01-31T23:30:03","modified_gmt":"2023-02-01T02:30:03","slug":"prefeitura-de-penedo-constroi-praca-no-povoado-quilombola-tabuleiro-dos-negros","status":"publish","type":"post","link":"https:\/\/www.oparanews.com.br\/index.php\/2023\/01\/31\/prefeitura-de-penedo-constroi-praca-no-povoado-quilombola-tabuleiro-dos-negros\/","title":{"rendered":"Prefeitura de Penedo constr\u00f3i pra\u00e7a no povoado quilombola Tabuleiro dos Negros"},"content":{"rendered":"<p>A Prefeitura de Penedo est\u00e1 pr\u00f3xima de entregar um amplo espa\u00e7o de lazer e conv\u00edvio para a comunidade remanescente quilombola Tabuleiro dos Negros, localizada na zona rural do munic\u00edpio.<\/p>\n<p>&nbsp;<\/p>\n<p>A iniciativa do governo Ronaldo Lopes \u00e9 desenvolvida por meio da Secretaria Municipal de Meio Ambiente e Recursos H\u00eddricos (SEMARH) e da Secretaria Municipal de Infraestrutura (Seinfra), respons\u00e1veis pelo projeto \u201cA Pra\u00e7a \u00c9 Nossa! Eu Curto, Eu Cuido\u201d.<\/p>\n<p>&nbsp;<\/p>\n<p>Amanda Lima, Secret\u00e1ria municipal de Infraestrutura, acompanha os servi\u00e7os de perto e esteve novamente no Tabuleiro dos Negros no in\u00edcio da semana. \u201cHoje estamos aqui para ver como est\u00e1 o andamento da obra da pra\u00e7a e ver como est\u00e1 a aceita\u00e7\u00e3o da popula\u00e7\u00e3o\u201d, disse a engenheira sobre o projeto em fase de finaliza\u00e7\u00e3o.<\/p>\n<p>&nbsp;<\/p>\n<p>\u201cFoi um pedido da popula\u00e7\u00e3o que agora est\u00e1 sendo realizado. A pra\u00e7a est\u00e1 quase pronta e em breve a popula\u00e7\u00e3o poder\u00e1 ter muito lazer e qualidade de vida\u201d explica Jo\u00e3o Ferreira da Silva, popular Irm\u00e3o Jo\u00e3o, secret\u00e1rio de Meio Ambiente, pasta executora da obra que contar\u00e1 com parque infantil e academia de sa\u00fade para viabilizar atividades f\u00edsicas.<\/p>\n<p>&nbsp;<\/p>\n<p>\u201cNasci aqui e sempre sonhamos com um espa\u00e7o como esse! Agora o Prefeito Ronaldo Lopes est\u00e1 nos presenteando com essa pra\u00e7a, onde os moradores do Tabuleiro poder\u00e3o ter momentos de lazer e divers\u00e3o\u201d disse Bruno Henrique, morador da comunidade.<\/p>\n<p>&nbsp;<\/p>\n<p>A constru\u00e7\u00e3o ou recupera\u00e7\u00e3o completa de pra\u00e7as, com instala\u00e7\u00e3o de novos equipamentos, \u00e9 uma das linhas de trabalho do Prefeito Ronaldo Lopes. Nunca se investiu tanto para proporcionar mais conforto e qualidade de vida nas pra\u00e7as de Penedo, \u00e1reas p\u00fablicas confort\u00e1veis e aconchegantes, em conson\u00e2ncia com a natureza, resultando em melhorias para o povo penedense.<\/p>\n<p>&nbsp;<\/p>\n<p>&nbsp;<\/p>\n<p>&nbsp;<\/p>\n<p><strong>Fonte: Secom PMP<\/strong><\/p>\n<p>&nbsp;<\/p>\n","protected":false},"excerpt":{"rendered":"<p>A Prefeitura de Penedo est\u00e1 pr\u00f3xima de entregar um amplo espa\u00e7o de lazer e conv\u00edvio para a comunidade remanescente quilombola Tabuleiro dos Negros, localizada na zona rural do munic\u00edpio. &nbsp; A iniciativa do governo Ronaldo Lopes \u00e9 desenvolvida por meio da Secretaria Municipal de Meio Ambiente e Recursos H\u00eddricos (SEMARH) e da Secretaria Municipal de &hellip;<\/p>\n","protected":false},"author":2,"featured_media":26921,"comment_status":"open","ping_status":"open","sticky":false,"template":"","format":"standard","meta":{"_jetpack_memberships_contains_paid_content":false,"footnotes":""},"categories":[1,3],"tags":[],"class_list":["post-26920","post","type-post","status-publish","format-standard","has-post-thumbnail","hentry","category-destaque","category-penedo"],"jetpack_featured_media_url":"https:\/\/www.oparanews.com.br\/wp-content\/uploads\/2023\/01\/PRACA-TABULEIRO-2.jpeg","jetpack_sharing_enabled":true,"_links":{"self":[{"href":"https:\/\/www.oparanews.com.br\/index.php\/wp-json\/wp\/v2\/posts\/26920","targetHints":{"allow":["GET"]}}],"collection":[{"href":"https:\/\/www.oparanews.com.br\/index.php\/wp-json\/wp\/v2\/posts"}],"about":[{"href":"https:\/\/www.oparanews.com.br\/index.php\/wp-json\/wp\/v2\/types\/post"}],"author":[{"embeddable":true,"href":"https:\/\/www.oparanews.com.br\/index.php\/wp-json\/wp\/v2\/users\/2"}],"replies":[{"embeddable":true,"href":"https:\/\/www.oparanews.com.br\/index.php\/wp-json\/wp\/v2\/comments?post=26920"}],"version-history":[{"count":1,"href":"https:\/\/www.oparanews.com.br\/index.php\/wp-json\/wp\/v2\/posts\/26920\/revisions"}],"predecessor-version":[{"id":26922,"href":"https:\/\/www.oparanews.com.br\/index.php\/wp-json\/wp\/v2\/posts\/26920\/revisions\/26922"}],"wp:featuredmedia":[{"embeddable":true,"href":"https:\/\/www.oparanews.com.br\/index.php\/wp-json\/wp\/v2\/media\/26921"}],"wp:attachment":[{"href":"https:\/\/www.oparanews.com.br\/index.php\/wp-json\/wp\/v2\/media?parent=26920"}],"wp:term":[{"taxonomy":"category","embeddable":true,"href":"https:\/\/www.oparanews.com.br\/index.php\/wp-json\/wp\/v2\/categories?post=26920"},{"taxonomy":"post_tag","embeddable":true,"href":"https:\/\/www.oparanews.com.br\/index.php\/wp-json\/wp\/v2\/tags?post=26920"}],"curies":[{"name":"wp","href":"https:\/\/api.w.org\/{rel}","templated":true}]}}