{"id":26940,"date":"2023-02-01T16:10:16","date_gmt":"2023-02-01T19:10:16","guid":{"rendered":"https:\/\/www.oparanews.com.br\/?p=26940"},"modified":"2023-02-01T16:10:16","modified_gmt":"2023-02-01T19:10:16","slug":"prefeitura-de-penedo-e-governo-de-alagoas-investem-em-acessibilidade-mobilidade-e-moradia-digna-na-periferia-da-cidade","status":"publish","type":"post","link":"https:\/\/www.oparanews.com.br\/index.php\/2023\/02\/01\/prefeitura-de-penedo-e-governo-de-alagoas-investem-em-acessibilidade-mobilidade-e-moradia-digna-na-periferia-da-cidade\/","title":{"rendered":"Prefeitura de Penedo e Governo de Alagoas investem em acessibilidade, mobilidade e moradia digna na periferia da cidade"},"content":{"rendered":"<p>Comunidades penedenses formadas, em sua maioria, por fam\u00edlias de baixa renda est\u00e3o sendo beneficiadas com obras que melhoram a qualidade de vida de seus moradores.<\/p>\n<p>&nbsp;<\/p>\n<p>O trabalho realizado entre a Prefeitura de Penedo e o Governo de Alagoas promove mais acessibilidade, mobilidade urbana e moradia digna por meio de dois programas, o Vida Nova nas Grotas e o Vida Nova na Sua Casa.<\/p>\n<p>&nbsp;<\/p>\n<p>As mudan\u00e7as positivas avan\u00e7am no bairro Santo Ant\u00f4nio, mais conhecido como Barro Vermelho, o primeiro bairro de Penedo.<\/p>\n<p>&nbsp;<\/p>\n<p>A localidade Bras\u00edlia sofria com a dificuldade de acesso e as consequ\u00eancias das fortes chuvas. Com os investimentos viabilizados pelo Prefeito Ronaldo Lopes junto aos governadores Renan Filho e Paulo Dantas, a realidade agora \u00e9 outra.<\/p>\n<p><a href=\"http:\/\/www.oparanews.com.br\/wp-content\/uploads\/2023\/02\/penedo-barro-vermelho-vida-nova-foto-deywisson-duarte-21-1024x682-1.jpeg\"><img loading=\"lazy\" decoding=\"async\" class=\"aligncenter size-full wp-image-26941\" src=\"http:\/\/www.oparanews.com.br\/wp-content\/uploads\/2023\/02\/penedo-barro-vermelho-vida-nova-foto-deywisson-duarte-21-1024x682-1.jpeg\" alt=\"\" width=\"1024\" height=\"682\" srcset=\"https:\/\/www.oparanews.com.br\/wp-content\/uploads\/2023\/02\/penedo-barro-vermelho-vida-nova-foto-deywisson-duarte-21-1024x682-1.jpeg 1024w, https:\/\/www.oparanews.com.br\/wp-content\/uploads\/2023\/02\/penedo-barro-vermelho-vida-nova-foto-deywisson-duarte-21-1024x682-1-300x200.jpeg 300w, https:\/\/www.oparanews.com.br\/wp-content\/uploads\/2023\/02\/penedo-barro-vermelho-vida-nova-foto-deywisson-duarte-21-1024x682-1-768x512.jpeg 768w\" sizes=\"auto, (max-width: 1024px) 100vw, 1024px\" \/><\/a><\/p>\n<p>\u201cA gente esperou por tanto tempo para ter a nossa rua cal\u00e7ada e as casas reformadas como est\u00e1 sendo feito agora, \u00e9 uma maravilha\u201d, descreve Ivone de Oliveira, feliz com a nova infraestrutura que tamb\u00e9m lhe beneficia diretamente.<\/p>\n<p>&nbsp;<\/p>\n<p>Para entrar em sua resid\u00eancia, que tem uma linda vis\u00e3o da cidade e do rio S\u00e3o Francisco, Eliane disp\u00f5e de escada em alvenaria e corrim\u00e3o. O risco de quedas no ch\u00e3o batido, principalmente em dias de chuva, agora \u00e9 m\u00ednimo.<\/p>\n<p>&nbsp;<\/p>\n<p>Da mesma forma, outras casas localizadas no alto do morro ganharam os mesmos investimentos e a rua recebeu pavimenta\u00e7\u00e3o em concreto, resultado pr\u00e1tico do Vida Nova nas Grotas. As travessas da Bras\u00edlia tamb\u00e9m foram pavimentadas, o que significa acesso garantido para ve\u00edculos, algo que n\u00e3o acontecia antes.<\/p>\n<p><a href=\"http:\/\/www.oparanews.com.br\/wp-content\/uploads\/2023\/02\/penedo-barro-vermelho-vida-nova-foto-deywisson-duarte-16-1024x682-1.jpeg\"><img loading=\"lazy\" decoding=\"async\" class=\"aligncenter size-full wp-image-26942\" src=\"http:\/\/www.oparanews.com.br\/wp-content\/uploads\/2023\/02\/penedo-barro-vermelho-vida-nova-foto-deywisson-duarte-16-1024x682-1.jpeg\" alt=\"\" width=\"1024\" height=\"682\" srcset=\"https:\/\/www.oparanews.com.br\/wp-content\/uploads\/2023\/02\/penedo-barro-vermelho-vida-nova-foto-deywisson-duarte-16-1024x682-1.jpeg 1024w, https:\/\/www.oparanews.com.br\/wp-content\/uploads\/2023\/02\/penedo-barro-vermelho-vida-nova-foto-deywisson-duarte-16-1024x682-1-300x200.jpeg 300w, https:\/\/www.oparanews.com.br\/wp-content\/uploads\/2023\/02\/penedo-barro-vermelho-vida-nova-foto-deywisson-duarte-16-1024x682-1-768x512.jpeg 768w\" sizes=\"auto, (max-width: 1024px) 100vw, 1024px\" \/><\/a><\/p>\n<p>\u201cNingu\u00e9m nunca pensou e nem esperava de acontecer essa maravilha, \u00e9 uma ben\u00e7\u00e3o o que est\u00e1 acontecendo aqui no Barro Vermelho\u201d, afirma Adriana, uma jovem m\u00e3e de dois filhos que morava em uma casa de taipa destru\u00edda pelas chuvas.<\/p>\n<p>&nbsp;<\/p>\n<p>Ao lado de Ronaldo Lopes, ela comemora a constru\u00e7\u00e3o do novo lar, em alvenaria. Adriana \u00e9 uma das 300 moradoras de Penedo inclu\u00eddas no Vida Nova na Sua Casa, programa que identificou a precariedade do im\u00f3vel de taipa durante o levantamento conjunto da Secretaria Municipal de Assist\u00eancia Social e da Secretaria Municipal de Infraestrutura.<\/p>\n<p>&nbsp;<\/p>\n<p>Casas em m\u00e1s condi\u00e7\u00f5es estruturais tamb\u00e9m s\u00e3o contempladas com o Vida Nova. \u201cAqui j\u00e1 mudou muita coisa\u201d, conta a moradora Eliane. \u201cO Prefeito Ronaldo Lopes colocou banheiro, caixa d\u2019\u00e1gua, tanquinho pra lavar roupa e reformou o telhado\u201d, relatou sobre os servi\u00e7os que tamb\u00e9m est\u00e3o sendo feitos em outras unidades residenciais do Barro Vermelho.<\/p>\n<p><a href=\"http:\/\/www.oparanews.com.br\/wp-content\/uploads\/2023\/02\/penedo-barro-vermelho-vida-nova-foto-deywisson-duarte-18-1024x682-1.jpeg\"><img loading=\"lazy\" decoding=\"async\" class=\"aligncenter size-full wp-image-26943\" src=\"http:\/\/www.oparanews.com.br\/wp-content\/uploads\/2023\/02\/penedo-barro-vermelho-vida-nova-foto-deywisson-duarte-18-1024x682-1.jpeg\" alt=\"\" width=\"1024\" height=\"682\" srcset=\"https:\/\/www.oparanews.com.br\/wp-content\/uploads\/2023\/02\/penedo-barro-vermelho-vida-nova-foto-deywisson-duarte-18-1024x682-1.jpeg 1024w, https:\/\/www.oparanews.com.br\/wp-content\/uploads\/2023\/02\/penedo-barro-vermelho-vida-nova-foto-deywisson-duarte-18-1024x682-1-300x200.jpeg 300w, https:\/\/www.oparanews.com.br\/wp-content\/uploads\/2023\/02\/penedo-barro-vermelho-vida-nova-foto-deywisson-duarte-18-1024x682-1-768x512.jpeg 768w\" sizes=\"auto, (max-width: 1024px) 100vw, 1024px\" \/><\/a><\/p>\n<p>\u201cN\u00f3s vamos trabalhar sempre para ver a transforma\u00e7\u00e3o na vida de pessoas como a Adriana e seus filhos\u201d, afirma Ronaldo Lopes sobre as a\u00e7\u00f5es que melhoram o dia a dia das pessoas que mais precisam de pol\u00edticas p\u00fablicas executadas com responsabilidade e planejamento.<\/p>\n<p>&nbsp;<\/p>\n<p>A parceria entre a Prefeitura de Penedo e o Governo de Alagoas no \u00e2mbito dos dois programas Vida Nova beneficiar\u00e3o ainda os bairros Castro Alves \u2013 popular Bititinga \u2013 e Santo Ant\u00f4nio, comunidade remanescente quilombola mais conhecida como Oiteiro.<\/p>\n<p>&nbsp;<\/p>\n<p>&nbsp;<\/p>\n<p>&nbsp;<\/p>\n<p><strong>Fonte: Secom PMP<\/strong><\/p>\n<p>&nbsp;<\/p>\n","protected":false},"excerpt":{"rendered":"<p>Comunidades penedenses formadas, em sua maioria, por fam\u00edlias de baixa renda est\u00e3o sendo beneficiadas com obras que melhoram a qualidade de vida de seus moradores. &nbsp; O trabalho realizado entre a Prefeitura de Penedo e o Governo de Alagoas promove mais acessibilidade, mobilidade urbana e moradia digna por meio de dois programas, o Vida Nova &hellip;<\/p>\n","protected":false},"author":2,"featured_media":26944,"comment_status":"open","ping_status":"open","sticky":false,"template":"","format":"standard","meta":{"_jetpack_memberships_contains_paid_content":false,"footnotes":""},"categories":[1,3],"tags":[],"class_list":["post-26940","post","type-post","status-publish","format-standard","has-post-thumbnail","hentry","category-destaque","category-penedo"],"jetpack_featured_media_url":"https:\/\/www.oparanews.com.br\/wp-content\/uploads\/2023\/02\/penedo-barro-vermelho-vida-nova-ronaldo-lopes.jpeg","jetpack_sharing_enabled":true,"_links":{"self":[{"href":"https:\/\/www.oparanews.com.br\/index.php\/wp-json\/wp\/v2\/posts\/26940","targetHints":{"allow":["GET"]}}],"collection":[{"href":"https:\/\/www.oparanews.com.br\/index.php\/wp-json\/wp\/v2\/posts"}],"about":[{"href":"https:\/\/www.oparanews.com.br\/index.php\/wp-json\/wp\/v2\/types\/post"}],"author":[{"embeddable":true,"href":"https:\/\/www.oparanews.com.br\/index.php\/wp-json\/wp\/v2\/users\/2"}],"replies":[{"embeddable":true,"href":"https:\/\/www.oparanews.com.br\/index.php\/wp-json\/wp\/v2\/comments?post=26940"}],"version-history":[{"count":1,"href":"https:\/\/www.oparanews.com.br\/index.php\/wp-json\/wp\/v2\/posts\/26940\/revisions"}],"predecessor-version":[{"id":26945,"href":"https:\/\/www.oparanews.com.br\/index.php\/wp-json\/wp\/v2\/posts\/26940\/revisions\/26945"}],"wp:featuredmedia":[{"embeddable":true,"href":"https:\/\/www.oparanews.com.br\/index.php\/wp-json\/wp\/v2\/media\/26944"}],"wp:attachment":[{"href":"https:\/\/www.oparanews.com.br\/index.php\/wp-json\/wp\/v2\/media?parent=26940"}],"wp:term":[{"taxonomy":"category","embeddable":true,"href":"https:\/\/www.oparanews.com.br\/index.php\/wp-json\/wp\/v2\/categories?post=26940"},{"taxonomy":"post_tag","embeddable":true,"href":"https:\/\/www.oparanews.com.br\/index.php\/wp-json\/wp\/v2\/tags?post=26940"}],"curies":[{"name":"wp","href":"https:\/\/api.w.org\/{rel}","templated":true}]}}