{"id":26990,"date":"2023-02-04T00:18:01","date_gmt":"2023-02-04T03:18:01","guid":{"rendered":"https:\/\/www.oparanews.com.br\/?p=26990"},"modified":"2023-02-04T00:18:01","modified_gmt":"2023-02-04T03:18:01","slug":"previa-da-boneca-raquel-arrasta-milhares-de-pessoas-pelas-ruas-de-penedo","status":"publish","type":"post","link":"https:\/\/www.oparanews.com.br\/index.php\/2023\/02\/04\/previa-da-boneca-raquel-arrasta-milhares-de-pessoas-pelas-ruas-de-penedo\/","title":{"rendered":"Pr\u00e9via da Boneca Raquel arrasta milhares de pessoas pelas ruas de Penedo"},"content":{"rendered":"<p>Ap\u00f3s dois anos sem desfilar, por conta da Pandemia do Coronav\u00edrus, a Boneca Raquel voltou com tudo neste ano de 2023. Toda repaginada e com novos adere\u00e7os, ela mais uma vez arrastou milhares de pessoas pelas ruas da parte baixa do munic\u00edpio de Penedo.<\/p>\n<p>&nbsp;<\/p>\n<p>Este ano a boneca Raquel completa 63 anos de muita hist\u00f3ria e anima\u00e7\u00e3o. Na pr\u00e9via carnavalesca desta sexta-feira, 03, cerca de 5 mil foli\u00f5es prestigiaram a melhor pr\u00e9via carnavalesca de Penedo.<\/p>\n<p>&nbsp;<\/p>\n<div style=\"width: 640px;\" class=\"wp-video\"><video class=\"wp-video-shortcode\" id=\"video-26990-1\" width=\"640\" height=\"352\" preload=\"metadata\" controls=\"controls\"><source type=\"video\/mp4\" src=\"http:\/\/www.oparanews.com.br\/wp-content\/uploads\/2023\/02\/VID-20230203-WA0110.mp4?_=1\" \/><a href=\"http:\/\/www.oparanews.com.br\/wp-content\/uploads\/2023\/02\/VID-20230203-WA0110.mp4\">http:\/\/www.oparanews.com.br\/wp-content\/uploads\/2023\/02\/VID-20230203-WA0110.mp4<\/a><\/video><\/div>\n<p>&nbsp;<\/p>\n<p>Al\u00e9m da Raquel, outros bonecos gigantes fizeram a festa dos foli\u00f5es, que acompanharam todo o percurso ao som da orquestra de frevo dos irm\u00e3os Waltinho e Waguinho.<\/p>\n<p>&nbsp;<\/p>\n<p>&#8220;A Raquel mais um vez mostrou que \u00e9 sucesso, ver essa multid\u00e3o de gente acompanhando nosso bloco \u00e9 motivo de muita alegria e satisfa\u00e7\u00e3o. Esperamos manter viva essa tradi\u00e7\u00e3o por muitos anos&#8221;, disse Herildo Lima.<\/p>\n<p>&nbsp;<\/p>\n<p><a href=\"http:\/\/www.oparanews.com.br\/wp-content\/uploads\/2023\/02\/20230203_203622-scaled.jpg\"><img loading=\"lazy\" decoding=\"async\" class=\"alignleft size-medium wp-image-26996\" src=\"http:\/\/www.oparanews.com.br\/wp-content\/uploads\/2023\/02\/20230203_203622-300x169.jpg\" alt=\"\" width=\"300\" height=\"169\" srcset=\"https:\/\/www.oparanews.com.br\/wp-content\/uploads\/2023\/02\/20230203_203622-300x169.jpg 300w, https:\/\/www.oparanews.com.br\/wp-content\/uploads\/2023\/02\/20230203_203622-1024x577.jpg 1024w, https:\/\/www.oparanews.com.br\/wp-content\/uploads\/2023\/02\/20230203_203622-768x432.jpg 768w, https:\/\/www.oparanews.com.br\/wp-content\/uploads\/2023\/02\/20230203_203622-1536x865.jpg 1536w, https:\/\/www.oparanews.com.br\/wp-content\/uploads\/2023\/02\/20230203_203622-2048x1153.jpg 2048w, https:\/\/www.oparanews.com.br\/wp-content\/uploads\/2023\/02\/20230203_203622-390x220.jpg 390w\" sizes=\"auto, (max-width: 300px) 100vw, 300px\" \/><\/a><\/p>\n<p><a href=\"http:\/\/www.oparanews.com.br\/wp-content\/uploads\/2023\/02\/20230203_203730-scaled.jpg\"><img loading=\"lazy\" decoding=\"async\" class=\"alignleft size-medium wp-image-26995\" src=\"http:\/\/www.oparanews.com.br\/wp-content\/uploads\/2023\/02\/20230203_203730-300x169.jpg\" alt=\"\" width=\"300\" height=\"169\" srcset=\"https:\/\/www.oparanews.com.br\/wp-content\/uploads\/2023\/02\/20230203_203730-300x169.jpg 300w, https:\/\/www.oparanews.com.br\/wp-content\/uploads\/2023\/02\/20230203_203730-1024x577.jpg 1024w, https:\/\/www.oparanews.com.br\/wp-content\/uploads\/2023\/02\/20230203_203730-768x432.jpg 768w, https:\/\/www.oparanews.com.br\/wp-content\/uploads\/2023\/02\/20230203_203730-1536x865.jpg 1536w, https:\/\/www.oparanews.com.br\/wp-content\/uploads\/2023\/02\/20230203_203730-2048x1153.jpg 2048w, https:\/\/www.oparanews.com.br\/wp-content\/uploads\/2023\/02\/20230203_203730-390x220.jpg 390w\" sizes=\"auto, (max-width: 300px) 100vw, 300px\" \/><\/a><a href=\"http:\/\/www.oparanews.com.br\/wp-content\/uploads\/2023\/02\/20230203_203646-scaled.jpg\"><img loading=\"lazy\" decoding=\"async\" class=\"alignleft size-medium wp-image-26994\" src=\"http:\/\/www.oparanews.com.br\/wp-content\/uploads\/2023\/02\/20230203_203646-300x169.jpg\" alt=\"\" width=\"300\" height=\"169\" srcset=\"https:\/\/www.oparanews.com.br\/wp-content\/uploads\/2023\/02\/20230203_203646-300x169.jpg 300w, https:\/\/www.oparanews.com.br\/wp-content\/uploads\/2023\/02\/20230203_203646-1024x577.jpg 1024w, https:\/\/www.oparanews.com.br\/wp-content\/uploads\/2023\/02\/20230203_203646-768x432.jpg 768w, https:\/\/www.oparanews.com.br\/wp-content\/uploads\/2023\/02\/20230203_203646-1536x865.jpg 1536w, https:\/\/www.oparanews.com.br\/wp-content\/uploads\/2023\/02\/20230203_203646-2048x1153.jpg 2048w, https:\/\/www.oparanews.com.br\/wp-content\/uploads\/2023\/02\/20230203_203646-390x220.jpg 390w\" sizes=\"auto, (max-width: 300px) 100vw, 300px\" \/><\/a><\/p>\n<p><a href=\"http:\/\/www.oparanews.com.br\/wp-content\/uploads\/2023\/02\/20230203_203825-scaled.jpg\"><img loading=\"lazy\" decoding=\"async\" class=\"alignleft size-medium wp-image-26992\" src=\"http:\/\/www.oparanews.com.br\/wp-content\/uploads\/2023\/02\/20230203_203825-300x169.jpg\" alt=\"\" width=\"300\" height=\"169\" srcset=\"https:\/\/www.oparanews.com.br\/wp-content\/uploads\/2023\/02\/20230203_203825-300x169.jpg 300w, https:\/\/www.oparanews.com.br\/wp-content\/uploads\/2023\/02\/20230203_203825-1024x577.jpg 1024w, https:\/\/www.oparanews.com.br\/wp-content\/uploads\/2023\/02\/20230203_203825-768x432.jpg 768w, https:\/\/www.oparanews.com.br\/wp-content\/uploads\/2023\/02\/20230203_203825-1536x865.jpg 1536w, https:\/\/www.oparanews.com.br\/wp-content\/uploads\/2023\/02\/20230203_203825-2048x1153.jpg 2048w, https:\/\/www.oparanews.com.br\/wp-content\/uploads\/2023\/02\/20230203_203825-390x220.jpg 390w\" sizes=\"auto, (max-width: 300px) 100vw, 300px\" \/><\/a><\/p>\n<p>&nbsp;<\/p>\n<p>&nbsp;<\/p>\n<p>&nbsp;<\/p>\n<p>&nbsp;<\/p>\n<p>&nbsp;<\/p>\n<p>&nbsp;<\/p>\n<p>&nbsp;<\/p>\n<p>&nbsp;<\/p>\n<p>&nbsp;<\/p>\n<p><strong>por Reda\u00e7\u00e3o<\/strong><\/p>\n<p>&nbsp;<\/p>\n","protected":false},"excerpt":{"rendered":"<p>Ap\u00f3s dois anos sem desfilar, por conta da Pandemia do Coronav\u00edrus, a Boneca Raquel voltou com tudo neste ano de 2023. Toda repaginada e com novos adere\u00e7os, ela mais uma vez arrastou milhares de pessoas pelas ruas da parte baixa do munic\u00edpio de Penedo. &nbsp; Este ano a boneca Raquel completa 63 anos de muita &hellip;<\/p>\n","protected":false},"author":2,"featured_media":26993,"comment_status":"open","ping_status":"open","sticky":false,"template":"","format":"standard","meta":{"_jetpack_memberships_contains_paid_content":false,"footnotes":""},"categories":[1,3],"tags":[],"class_list":["post-26990","post","type-post","status-publish","format-standard","has-post-thumbnail","hentry","category-destaque","category-penedo"],"jetpack_featured_media_url":"https:\/\/www.oparanews.com.br\/wp-content\/uploads\/2023\/02\/20230203_203641-scaled.jpg","jetpack_sharing_enabled":true,"_links":{"self":[{"href":"https:\/\/www.oparanews.com.br\/index.php\/wp-json\/wp\/v2\/posts\/26990","targetHints":{"allow":["GET"]}}],"collection":[{"href":"https:\/\/www.oparanews.com.br\/index.php\/wp-json\/wp\/v2\/posts"}],"about":[{"href":"https:\/\/www.oparanews.com.br\/index.php\/wp-json\/wp\/v2\/types\/post"}],"author":[{"embeddable":true,"href":"https:\/\/www.oparanews.com.br\/index.php\/wp-json\/wp\/v2\/users\/2"}],"replies":[{"embeddable":true,"href":"https:\/\/www.oparanews.com.br\/index.php\/wp-json\/wp\/v2\/comments?post=26990"}],"version-history":[{"count":3,"href":"https:\/\/www.oparanews.com.br\/index.php\/wp-json\/wp\/v2\/posts\/26990\/revisions"}],"predecessor-version":[{"id":26999,"href":"https:\/\/www.oparanews.com.br\/index.php\/wp-json\/wp\/v2\/posts\/26990\/revisions\/26999"}],"wp:featuredmedia":[{"embeddable":true,"href":"https:\/\/www.oparanews.com.br\/index.php\/wp-json\/wp\/v2\/media\/26993"}],"wp:attachment":[{"href":"https:\/\/www.oparanews.com.br\/index.php\/wp-json\/wp\/v2\/media?parent=26990"}],"wp:term":[{"taxonomy":"category","embeddable":true,"href":"https:\/\/www.oparanews.com.br\/index.php\/wp-json\/wp\/v2\/categories?post=26990"},{"taxonomy":"post_tag","embeddable":true,"href":"https:\/\/www.oparanews.com.br\/index.php\/wp-json\/wp\/v2\/tags?post=26990"}],"curies":[{"name":"wp","href":"https:\/\/api.w.org\/{rel}","templated":true}]}}