{"id":27039,"date":"2023-02-06T21:59:05","date_gmt":"2023-02-07T00:59:05","guid":{"rendered":"https:\/\/www.oparanews.com.br\/?p=27039"},"modified":"2023-02-06T21:59:05","modified_gmt":"2023-02-07T00:59:05","slug":"tirar-a-sede-da-codevasf-de-penedo-e-abandonar-os-agricultores-do-baixo-sao-francisco-alerta-ronaldo-lopes","status":"publish","type":"post","link":"https:\/\/www.oparanews.com.br\/index.php\/2023\/02\/06\/tirar-a-sede-da-codevasf-de-penedo-e-abandonar-os-agricultores-do-baixo-sao-francisco-alerta-ronaldo-lopes\/","title":{"rendered":"\u201cTirar a sede da Codevasf de Penedo \u00e9 abandonar os agricultores do Baixo S\u00e3o Francisco\u201d, alerta Ronaldo Lopes"},"content":{"rendered":"<p>O Prefeito Ronaldo Lopes desembarca em Bras\u00edlia neste in\u00edcio de semana para cumprir extensa agenda de trabalho. Entre os projetos fundamentais para a popula\u00e7\u00e3o penedense e ribeirinha, o gestor da cidade hist\u00f3rica leva uma pauta de extrema import\u00e2ncia.<\/p>\n<p>&nbsp;<\/p>\n<p>Ronaldo Lopes vai atuar junto \u00e0 bancada federal alagoana para manter a sede da 5\u00aa Superintend\u00eancia Regional da Codevasf em Penedo.<\/p>\n<p>&nbsp;<\/p>\n<p>A mudan\u00e7a da estrutura administrativa para Macei\u00f3 avan\u00e7a em suas quest\u00f5es burocr\u00e1ticas, processo iniciado h\u00e1 alguns anos, com a instala\u00e7\u00e3o transit\u00f3ria de escrit\u00f3rio de apoio t\u00e9cnico do \u00f3rg\u00e3o federal na capital alagoana.<\/p>\n<p>&nbsp;<\/p>\n<p><strong>Retrocesso<\/strong><\/p>\n<p>&nbsp;<\/p>\n<p>\u201cA sa\u00edda da Codevasf representa um retrocesso econ\u00f4mico para Penedo e para os servidores que t\u00eam suas vidas estabilizadas, s\u00e3o fam\u00edlias que residem em nossa cidade, com filhos nas escolas e satisfeitos com nossa qualidade de vida. Al\u00e9m dos transtornos para centenas de pessoas, a mudan\u00e7a da superintend\u00eancia para Macei\u00f3 representa uma perda de aproximadamente dois milh\u00f5es de reais que circulam mensalmente na cidade, prejudicando o com\u00e9rcio local\u201d, explica Ronaldo Lopes.<\/p>\n<p>&nbsp;<\/p>\n<p>Al\u00e9m disso, a companhia que nasceu com a miss\u00e3o apoiar o desenvolvimento de cidades banhadas pelo rio S\u00e3o Francisco, abandona projetos em Alagoas, entre eles o Marituba, situado em Penedo; Boacica, localizado em Igreja Nova; e Iti\u00faba, instalado em Porto Real do Col\u00e9gio.<\/p>\n<p>&nbsp;<\/p>\n<p>\u201cN\u00e3o faz sentido uma superintend\u00eancia da Codevasf, que foi criada no Governo Guilherme Palmeira com uma grande luta do Deputado H\u00e9lio Lopes, ser cada vez mais afastada de suas bases, quando outras superintend\u00eancias est\u00e3o em cidades \u00e0 margem do rio, a exemplo de Petrolina, no estado de Pernambuco, ou Juazeiro e Bom Jesus da Lapa, na Bahia\u201d, argumenta Ronaldo Lopes.<\/p>\n<p>&nbsp;<\/p>\n<p><strong>Projetos<\/strong><\/p>\n<p>&nbsp;<\/p>\n<p>O Prefeito de Penedo acrescenta que a regi\u00e3o do Baixo S\u00e3o Francisco tem importantes projetos de agricultura e piscicultura, sendo indispens\u00e1vel o apoio da Codevasf para o desenvolvimento de iniciativas que transformaram cidades como Petrolina e Juazeiro, exportadoras de frutos gra\u00e7as aos projetos de irriga\u00e7\u00e3o e a assist\u00eancia do \u00f3rg\u00e3o federal.<\/p>\n<p>&nbsp;<\/p>\n<p>\u201cA luta para manter a superintend\u00eancia alagoana em Penedo n\u00e3o \u00e9 s\u00f3 minha e muito menos uma quest\u00e3o pessoal. Tirar a sede da Codevasf daqui significa abandonar os agricultores do Baixo S\u00e3o Francisco. \u00c9 uma decis\u00e3o pol\u00edtica e administrativa que estou pleiteando em Bras\u00edlia, para o bem dos ribeirinhos\u201d, acrescenta Ronaldo Lopes, lan\u00e7ando o questionamento: a quem interessa a sa\u00edda da Codevasf de Penedo?<\/p>\n<p>&nbsp;<\/p>\n<p>&nbsp;<\/p>\n<p>&nbsp;<\/p>\n<p><strong>por Assessoria<\/strong><\/p>\n<p>&nbsp;<\/p>\n","protected":false},"excerpt":{"rendered":"<p>O Prefeito Ronaldo Lopes desembarca em Bras\u00edlia neste in\u00edcio de semana para cumprir extensa agenda de trabalho. Entre os projetos fundamentais para a popula\u00e7\u00e3o penedense e ribeirinha, o gestor da cidade hist\u00f3rica leva uma pauta de extrema import\u00e2ncia. &nbsp; Ronaldo Lopes vai atuar junto \u00e0 bancada federal alagoana para manter a sede da 5\u00aa Superintend\u00eancia &hellip;<\/p>\n","protected":false},"author":2,"featured_media":27040,"comment_status":"open","ping_status":"open","sticky":false,"template":"","format":"standard","meta":{"_jetpack_memberships_contains_paid_content":false,"footnotes":""},"categories":[1,3],"tags":[],"class_list":["post-27039","post","type-post","status-publish","format-standard","has-post-thumbnail","hentry","category-destaque","category-penedo"],"jetpack_featured_media_url":"https:\/\/www.oparanews.com.br\/wp-content\/uploads\/2023\/02\/Foto_Ronaldo_Lopes_SECOM_Prefeitura_de_Penedo-1920x1280-1.jpg","jetpack_sharing_enabled":true,"_links":{"self":[{"href":"https:\/\/www.oparanews.com.br\/index.php\/wp-json\/wp\/v2\/posts\/27039","targetHints":{"allow":["GET"]}}],"collection":[{"href":"https:\/\/www.oparanews.com.br\/index.php\/wp-json\/wp\/v2\/posts"}],"about":[{"href":"https:\/\/www.oparanews.com.br\/index.php\/wp-json\/wp\/v2\/types\/post"}],"author":[{"embeddable":true,"href":"https:\/\/www.oparanews.com.br\/index.php\/wp-json\/wp\/v2\/users\/2"}],"replies":[{"embeddable":true,"href":"https:\/\/www.oparanews.com.br\/index.php\/wp-json\/wp\/v2\/comments?post=27039"}],"version-history":[{"count":1,"href":"https:\/\/www.oparanews.com.br\/index.php\/wp-json\/wp\/v2\/posts\/27039\/revisions"}],"predecessor-version":[{"id":27041,"href":"https:\/\/www.oparanews.com.br\/index.php\/wp-json\/wp\/v2\/posts\/27039\/revisions\/27041"}],"wp:featuredmedia":[{"embeddable":true,"href":"https:\/\/www.oparanews.com.br\/index.php\/wp-json\/wp\/v2\/media\/27040"}],"wp:attachment":[{"href":"https:\/\/www.oparanews.com.br\/index.php\/wp-json\/wp\/v2\/media?parent=27039"}],"wp:term":[{"taxonomy":"category","embeddable":true,"href":"https:\/\/www.oparanews.com.br\/index.php\/wp-json\/wp\/v2\/categories?post=27039"},{"taxonomy":"post_tag","embeddable":true,"href":"https:\/\/www.oparanews.com.br\/index.php\/wp-json\/wp\/v2\/tags?post=27039"}],"curies":[{"name":"wp","href":"https:\/\/api.w.org\/{rel}","templated":true}]}}