{"id":27066,"date":"2023-02-08T08:13:33","date_gmt":"2023-02-08T11:13:33","guid":{"rendered":"https:\/\/www.oparanews.com.br\/?p=27066"},"modified":"2023-02-08T08:13:33","modified_gmt":"2023-02-08T11:13:33","slug":"vereador-rodrigo-regueira-vai-acionar-empresa-aguas-do-sertao-na-arsal","status":"publish","type":"post","link":"https:\/\/www.oparanews.com.br\/index.php\/2023\/02\/08\/vereador-rodrigo-regueira-vai-acionar-empresa-aguas-do-sertao-na-arsal\/","title":{"rendered":"Vereador Rodrigo Regueira vai acionar empresa \u00c1guas do Sert\u00e3o na Arsal"},"content":{"rendered":"<p>O Vereador Rodrigo Regueira informou que est\u00e1 elaborando um documento sobre os \u2018desservi\u00e7os\u2019 prestados pela empresa \u00c1guas do Sert\u00e3o para acionar a concession\u00e1ria de \u00e1gua e esgoto na Arsal, cobrando fiscaliza\u00e7\u00e3o por parte da Ag\u00eancia Reguladora de Servi\u00e7os P\u00fablicos do Estado de Alagoas.<\/p>\n<p>&nbsp;<\/p>\n<p>O parlamentar anunciou a medida durante seu pronunciamento na C\u00e2mara Municipal de Penedo na sess\u00e3o que abriu o ano legislativo 2023, realizada no dia 02 de fevereiro.<\/p>\n<p>&nbsp;<\/p>\n<p>Rodrigo Regueira desejou boas vindas \u00e0 nova Mesa Diretora da CMP, agora sob a presid\u00eancia de Messias da Fil\u00f3, e destacou o Expresso Sa\u00fade, unidade m\u00f3vel adquirida pela Prefeitura de Penedo para atender a popula\u00e7\u00e3o dos povoados mais distantes e de menor porte, trabalho que conferiu pessoalmente na comunidade Imbira.<\/p>\n<p>&nbsp;<\/p>\n<p>Ele tamb\u00e9m falou sobre a ambul\u00e2ncia que a Secretaria Municipal de Sa\u00fade vai entregar para atender a comunidade Palmeira Alta e adjac\u00eancias, uma antiga reivindica\u00e7\u00e3o que est\u00e1 sendo atendida.<\/p>\n<p>&nbsp;<\/p>\n<p>\u201cEu fico muito feliz em poder dar essas not\u00edcias boas para o nosso povo. Esse \u00e9 o grande combust\u00edvel para que n\u00f3s possamos continuar lutando, continuar reivindicando para que dias como esse possam acontecer\u201d, finalizou Rodrigo Regueira.<\/p>\n<p>&nbsp;<\/p>\n<p>Fora da tribuna, ele comentou que o \u2018caos na sa\u00fade de Alagoas\u2019 se reflete na Santa Casa de Penedo e que sua provedoria n\u00e3o pode ser sacrificada devido \u00e0 crise financeira gerada, em grande parte, pelos atrasos nos repasses do governo estadual.<\/p>\n<p>&nbsp;<\/p>\n<p>Na forma de requerimento, o vereador pede a instala\u00e7\u00e3o de redutores de velocidade no acesso ao Campo Redondo, conforme solicita\u00e7\u00e3o feita pelos moradores.<\/p>\n<p>&nbsp;<\/p>\n<p>&nbsp;<\/p>\n<p>&nbsp;<\/p>\n<p><strong>Fonte: Ascom CMP<\/strong><\/p>\n<p>&nbsp;<\/p>\n","protected":false},"excerpt":{"rendered":"<p>O Vereador Rodrigo Regueira informou que est\u00e1 elaborando um documento sobre os \u2018desservi\u00e7os\u2019 prestados pela empresa \u00c1guas do Sert\u00e3o para acionar a concession\u00e1ria de \u00e1gua e esgoto na Arsal, cobrando fiscaliza\u00e7\u00e3o por parte da Ag\u00eancia Reguladora de Servi\u00e7os P\u00fablicos do Estado de Alagoas. &nbsp; O parlamentar anunciou a medida durante seu pronunciamento na C\u00e2mara Municipal &hellip;<\/p>\n","protected":false},"author":2,"featured_media":27067,"comment_status":"open","ping_status":"open","sticky":false,"template":"","format":"standard","meta":{"_jetpack_memberships_contains_paid_content":false,"footnotes":""},"categories":[1,3],"tags":[],"class_list":["post-27066","post","type-post","status-publish","format-standard","has-post-thumbnail","hentry","category-destaque","category-penedo"],"jetpack_featured_media_url":"https:\/\/www.oparanews.com.br\/wp-content\/uploads\/2023\/02\/Sem-titulo-2.png","jetpack_sharing_enabled":true,"_links":{"self":[{"href":"https:\/\/www.oparanews.com.br\/index.php\/wp-json\/wp\/v2\/posts\/27066","targetHints":{"allow":["GET"]}}],"collection":[{"href":"https:\/\/www.oparanews.com.br\/index.php\/wp-json\/wp\/v2\/posts"}],"about":[{"href":"https:\/\/www.oparanews.com.br\/index.php\/wp-json\/wp\/v2\/types\/post"}],"author":[{"embeddable":true,"href":"https:\/\/www.oparanews.com.br\/index.php\/wp-json\/wp\/v2\/users\/2"}],"replies":[{"embeddable":true,"href":"https:\/\/www.oparanews.com.br\/index.php\/wp-json\/wp\/v2\/comments?post=27066"}],"version-history":[{"count":1,"href":"https:\/\/www.oparanews.com.br\/index.php\/wp-json\/wp\/v2\/posts\/27066\/revisions"}],"predecessor-version":[{"id":27068,"href":"https:\/\/www.oparanews.com.br\/index.php\/wp-json\/wp\/v2\/posts\/27066\/revisions\/27068"}],"wp:featuredmedia":[{"embeddable":true,"href":"https:\/\/www.oparanews.com.br\/index.php\/wp-json\/wp\/v2\/media\/27067"}],"wp:attachment":[{"href":"https:\/\/www.oparanews.com.br\/index.php\/wp-json\/wp\/v2\/media?parent=27066"}],"wp:term":[{"taxonomy":"category","embeddable":true,"href":"https:\/\/www.oparanews.com.br\/index.php\/wp-json\/wp\/v2\/categories?post=27066"},{"taxonomy":"post_tag","embeddable":true,"href":"https:\/\/www.oparanews.com.br\/index.php\/wp-json\/wp\/v2\/tags?post=27066"}],"curies":[{"name":"wp","href":"https:\/\/api.w.org\/{rel}","templated":true}]}}