{"id":27078,"date":"2023-02-09T12:04:54","date_gmt":"2023-02-09T15:04:54","guid":{"rendered":"https:\/\/www.oparanews.com.br\/?p=27078"},"modified":"2023-02-09T12:11:42","modified_gmt":"2023-02-09T15:11:42","slug":"aulas-das-escolas-da-prefeitura-de-penedo-comecam-no-dia-16-de-fevereiro","status":"publish","type":"post","link":"https:\/\/www.oparanews.com.br\/index.php\/2023\/02\/09\/aulas-das-escolas-da-prefeitura-de-penedo-comecam-no-dia-16-de-fevereiro\/","title":{"rendered":"Aulas das escolas da Prefeitura de Penedo come\u00e7am no dia 16 de fevereiro"},"content":{"rendered":"<p>O ano letivo 2023 come\u00e7a nas escolas da Prefeitura de Penedo no pr\u00f3ximo dia 16 de fevereiro, em toda rede da Secretaria Municipal de Educa\u00e7\u00e3o (Semed).<\/p>\n<p>&nbsp;<\/p>\n<p>Mais de 8.640 matr\u00edculas j\u00e1 foram efetivadas pela Semed que mant\u00e9m o trabalho de busca ativa nas \u00e1reas urbana e rural de Penedo para incluir mais crian\u00e7as, adolescentes, jovens e adultos no direito \u00e0 educa\u00e7\u00e3o.<\/p>\n<p>&nbsp;<\/p>\n<p><a href=\"http:\/\/www.oparanews.com.br\/wp-content\/uploads\/2023\/02\/volta-as-aulas-semed-2023.jpg\"><img loading=\"lazy\" decoding=\"async\" class=\"alignleft size-medium wp-image-27079\" src=\"http:\/\/www.oparanews.com.br\/wp-content\/uploads\/2023\/02\/volta-as-aulas-semed-2023-300x300.jpg\" alt=\"\" width=\"300\" height=\"300\" srcset=\"https:\/\/www.oparanews.com.br\/wp-content\/uploads\/2023\/02\/volta-as-aulas-semed-2023-300x300.jpg 300w, https:\/\/www.oparanews.com.br\/wp-content\/uploads\/2023\/02\/volta-as-aulas-semed-2023-1024x1024.jpg 1024w, https:\/\/www.oparanews.com.br\/wp-content\/uploads\/2023\/02\/volta-as-aulas-semed-2023-150x150.jpg 150w, https:\/\/www.oparanews.com.br\/wp-content\/uploads\/2023\/02\/volta-as-aulas-semed-2023-768x768.jpg 768w, https:\/\/www.oparanews.com.br\/wp-content\/uploads\/2023\/02\/volta-as-aulas-semed-2023.jpg 1080w\" sizes=\"auto, (max-width: 300px) 100vw, 300px\" \/><\/a>Ao mesmo tempo, professores, coordenadores e diretores das 29 unidades da Semed Penedo participam das atividades de forma\u00e7\u00e3o que antecedem o primeiro dia de aulas na rede p\u00fablica municipal.<\/p>\n<p>&nbsp;<\/p>\n<p>Estudantes come\u00e7am o ano letivo em escolas estruturadas e equipadas, inclusive para utiliza\u00e7\u00e3o de ferramentas digitais na sala de aula. Professores, gest\u00e3o escolar, alunos e alunas contam com notebooks e internet.<\/p>\n<p>&nbsp;<\/p>\n<p>E o governo que mais investe na forma\u00e7\u00e3o dos penedenses come\u00e7a o ano letivo 2023 com uma jornada pedag\u00f3gica inovadora.<\/p>\n<p>&nbsp;<\/p>\n<p>&nbsp;<\/p>\n<p>&nbsp;<\/p>\n<p><strong>Fonte: Secom PMP<\/strong><\/p>\n<p>&nbsp;<\/p>\n","protected":false},"excerpt":{"rendered":"<p>O ano letivo 2023 come\u00e7a nas escolas da Prefeitura de Penedo no pr\u00f3ximo dia 16 de fevereiro, em toda rede da Secretaria Municipal de Educa\u00e7\u00e3o (Semed). &nbsp; Mais de 8.640 matr\u00edculas j\u00e1 foram efetivadas pela Semed que mant\u00e9m o trabalho de busca ativa nas \u00e1reas urbana e rural de Penedo para incluir mais crian\u00e7as, adolescentes, &hellip;<\/p>\n","protected":false},"author":2,"featured_media":27082,"comment_status":"open","ping_status":"open","sticky":false,"template":"","format":"standard","meta":{"_jetpack_memberships_contains_paid_content":false,"footnotes":""},"categories":[1,3],"tags":[],"class_list":["post-27078","post","type-post","status-publish","format-standard","has-post-thumbnail","hentry","category-destaque","category-penedo"],"jetpack_featured_media_url":"https:\/\/www.oparanews.com.br\/wp-content\/uploads\/2023\/02\/volta-as-aulas-semed-2023-2.jpg","jetpack_sharing_enabled":true,"_links":{"self":[{"href":"https:\/\/www.oparanews.com.br\/index.php\/wp-json\/wp\/v2\/posts\/27078","targetHints":{"allow":["GET"]}}],"collection":[{"href":"https:\/\/www.oparanews.com.br\/index.php\/wp-json\/wp\/v2\/posts"}],"about":[{"href":"https:\/\/www.oparanews.com.br\/index.php\/wp-json\/wp\/v2\/types\/post"}],"author":[{"embeddable":true,"href":"https:\/\/www.oparanews.com.br\/index.php\/wp-json\/wp\/v2\/users\/2"}],"replies":[{"embeddable":true,"href":"https:\/\/www.oparanews.com.br\/index.php\/wp-json\/wp\/v2\/comments?post=27078"}],"version-history":[{"count":2,"href":"https:\/\/www.oparanews.com.br\/index.php\/wp-json\/wp\/v2\/posts\/27078\/revisions"}],"predecessor-version":[{"id":27083,"href":"https:\/\/www.oparanews.com.br\/index.php\/wp-json\/wp\/v2\/posts\/27078\/revisions\/27083"}],"wp:featuredmedia":[{"embeddable":true,"href":"https:\/\/www.oparanews.com.br\/index.php\/wp-json\/wp\/v2\/media\/27082"}],"wp:attachment":[{"href":"https:\/\/www.oparanews.com.br\/index.php\/wp-json\/wp\/v2\/media?parent=27078"}],"wp:term":[{"taxonomy":"category","embeddable":true,"href":"https:\/\/www.oparanews.com.br\/index.php\/wp-json\/wp\/v2\/categories?post=27078"},{"taxonomy":"post_tag","embeddable":true,"href":"https:\/\/www.oparanews.com.br\/index.php\/wp-json\/wp\/v2\/tags?post=27078"}],"curies":[{"name":"wp","href":"https:\/\/api.w.org\/{rel}","templated":true}]}}