{"id":27134,"date":"2023-02-13T21:48:34","date_gmt":"2023-02-14T00:48:34","guid":{"rendered":"https:\/\/www.oparanews.com.br\/?p=27134"},"modified":"2023-02-13T21:48:34","modified_gmt":"2023-02-14T00:48:34","slug":"penedo-avanca-no-programa-destinos-turisticos-inteligentes","status":"publish","type":"post","link":"https:\/\/www.oparanews.com.br\/index.php\/2023\/02\/13\/penedo-avanca-no-programa-destinos-turisticos-inteligentes\/","title":{"rendered":"Penedo avan\u00e7a no Programa Destinos Tur\u00edsticos Inteligentes"},"content":{"rendered":"<p>O DTI est\u00e1 inclu\u00eddo no Programa Turismo Futuro Brasil e \u00e9 uma realiza\u00e7\u00e3o do Banco Interamericano de Desenvolvimento (BID) em parceria com o Sebrae.<\/p>\n<p>&nbsp;<\/p>\n<p>A cidade de Penedo avan\u00e7a para mais uma etapa do programa Destinos Tur\u00edsticos Inteligentes (DTI), promovido pelo Banco Interamericano de Desenvolvimento (BID) e o Sebrae.<\/p>\n<p>&nbsp;<\/p>\n<p>O principal objetivo do programa \u00e9 contemplar os destinos selecionados com a elabora\u00e7\u00e3o de instrumentos de planejamento e a implementa\u00e7\u00e3o de a\u00e7\u00f5es para o fortalecimento e consolida\u00e7\u00e3o de duas estrat\u00e9gias de Destinos Tur\u00edsticos Inteligentes.<\/p>\n<p>&nbsp;<\/p>\n<p>Os munic\u00edpios participantes s\u00e3o avaliados regularmente por colaboradores do corpo t\u00e9cnico do Sebrae, do BID e de entidades convidadas. Vale ressaltar que todos os profissionais envolvidos t\u00eam experi\u00eancia espec\u00edfica com o setor de turismo.<\/p>\n<p>&nbsp;<\/p>\n<p>\u201c\u00c9 mais uma boa not\u00edcia para o Destino Penedo! Cada etapa do processo \u00e9 muito importante e ter passado em mais uma etapa significa muito para todos n\u00f3s. Estamos cada vez mais perto e isso nos mant\u00e9m mais determinados e confiantes. Vamos com tudo, rumo \u00e0 classifica\u00e7\u00e3o final\u201d, disse Jair Galv\u00e3o, Secret\u00e1rio de Turismo de Penedo.<\/p>\n<p>&nbsp;<\/p>\n<p>A fase final ser\u00e1 a avalia\u00e7\u00e3o dos documentos comprobat\u00f3rios e relat\u00f3rios produzidos pela Setur, juntamente com os setores envolvidos no programa. Al\u00e9m de Penedo, Marechal Deodoro e a capital Macei\u00f3 tamb\u00e9m foram selecionados no DTI.<\/p>\n<p>&nbsp;<\/p>\n<p>&nbsp;<\/p>\n<p>&nbsp;<\/p>\n<p><strong>Fonte: Secom PMP<\/strong><\/p>\n<p>&nbsp;<\/p>\n","protected":false},"excerpt":{"rendered":"<p>O DTI est\u00e1 inclu\u00eddo no Programa Turismo Futuro Brasil e \u00e9 uma realiza\u00e7\u00e3o do Banco Interamericano de Desenvolvimento (BID) em parceria com o Sebrae. &nbsp; A cidade de Penedo avan\u00e7a para mais uma etapa do programa Destinos Tur\u00edsticos Inteligentes (DTI), promovido pelo Banco Interamericano de Desenvolvimento (BID) e o Sebrae. &nbsp; O principal objetivo do &hellip;<\/p>\n","protected":false},"author":2,"featured_media":27135,"comment_status":"open","ping_status":"open","sticky":false,"template":"","format":"standard","meta":{"_jetpack_memberships_contains_paid_content":false,"footnotes":""},"categories":[1,3],"tags":[],"class_list":["post-27134","post","type-post","status-publish","format-standard","has-post-thumbnail","hentry","category-destaque","category-penedo"],"jetpack_featured_media_url":"https:\/\/www.oparanews.com.br\/wp-content\/uploads\/2023\/02\/setur-penedo-dti-foto-kaio-fragoso.jpg","jetpack_sharing_enabled":true,"_links":{"self":[{"href":"https:\/\/www.oparanews.com.br\/index.php\/wp-json\/wp\/v2\/posts\/27134","targetHints":{"allow":["GET"]}}],"collection":[{"href":"https:\/\/www.oparanews.com.br\/index.php\/wp-json\/wp\/v2\/posts"}],"about":[{"href":"https:\/\/www.oparanews.com.br\/index.php\/wp-json\/wp\/v2\/types\/post"}],"author":[{"embeddable":true,"href":"https:\/\/www.oparanews.com.br\/index.php\/wp-json\/wp\/v2\/users\/2"}],"replies":[{"embeddable":true,"href":"https:\/\/www.oparanews.com.br\/index.php\/wp-json\/wp\/v2\/comments?post=27134"}],"version-history":[{"count":1,"href":"https:\/\/www.oparanews.com.br\/index.php\/wp-json\/wp\/v2\/posts\/27134\/revisions"}],"predecessor-version":[{"id":27136,"href":"https:\/\/www.oparanews.com.br\/index.php\/wp-json\/wp\/v2\/posts\/27134\/revisions\/27136"}],"wp:featuredmedia":[{"embeddable":true,"href":"https:\/\/www.oparanews.com.br\/index.php\/wp-json\/wp\/v2\/media\/27135"}],"wp:attachment":[{"href":"https:\/\/www.oparanews.com.br\/index.php\/wp-json\/wp\/v2\/media?parent=27134"}],"wp:term":[{"taxonomy":"category","embeddable":true,"href":"https:\/\/www.oparanews.com.br\/index.php\/wp-json\/wp\/v2\/categories?post=27134"},{"taxonomy":"post_tag","embeddable":true,"href":"https:\/\/www.oparanews.com.br\/index.php\/wp-json\/wp\/v2\/tags?post=27134"}],"curies":[{"name":"wp","href":"https:\/\/api.w.org\/{rel}","templated":true}]}}