{"id":27246,"date":"2023-02-23T23:47:41","date_gmt":"2023-02-24T02:47:41","guid":{"rendered":"https:\/\/www.oparanews.com.br\/?p=27246"},"modified":"2023-02-23T23:47:41","modified_gmt":"2023-02-24T02:47:41","slug":"agricultores-de-penedo-entregam-primeira-remessa-de-itens-para-alimentacao-escolar-em-2023","status":"publish","type":"post","link":"https:\/\/www.oparanews.com.br\/index.php\/2023\/02\/23\/agricultores-de-penedo-entregam-primeira-remessa-de-itens-para-alimentacao-escolar-em-2023\/","title":{"rendered":"Agricultores de Penedo entregam primeira remessa de itens para alimenta\u00e7\u00e3o escolar em 2023"},"content":{"rendered":"<p>Alimentos frescos e cultivados em ro\u00e7as situadas na zona rural de Penedo come\u00e7am a ser distribu\u00eddos para escolas da Secretaria Municipal de Educa\u00e7\u00e3o (Semed). A primeira remessa dos itens que comp\u00f5em o card\u00e1pio da alimenta\u00e7\u00e3o escolar chegou nesta quinta-feira, 23.<\/p>\n<p>&nbsp;<\/p>\n<p>Sete produtores que trabalham no sistema de agricultura familiar em Penedo e a Associa\u00e7\u00e3o de Agricultores do S\u00edtio Naz\u00e1rio entregaram toneladas de alimentos, principalmente frutas e macaxeira, al\u00e9m de hortali\u00e7as, tomate e piment\u00e3o, itens analisados e pesados no setor de nutri\u00e7\u00e3o da Semed Penedo.<\/p>\n<p>&nbsp;<\/p>\n<p>Ap\u00f3s a avalia\u00e7\u00e3o, os alimentos s\u00e3o encaminhados para todas as unidades de ensino da Prefeitura de Penedo, considerando a quantidade de matr\u00edculas em cada escola e tamb\u00e9m a maior aceita\u00e7\u00e3o de cada item pelos estudantes pesquisados regularmente sobre o card\u00e1pio.<\/p>\n<p>&nbsp;<\/p>\n<p>\u201cN\u00f3s tamb\u00e9m levamos em considera\u00e7\u00e3o o perfil de cada unidade, priorizando itens como abacate para as creches ou a farinha de mandioca para as escolas onde o uso \u00e9 mais aceito\u201d, explica Carla Sampaio, nutricionista da Semed.<\/p>\n<p>&nbsp;<\/p>\n<p>O contrato mais recente investe R$ 1,5 milh\u00e3o na economia local, articula\u00e7\u00e3o que envolve ainda a Secretaria Municipal de Abastecimento e Desenvolvimento Agr\u00edcola (Semada), pol\u00edtica p\u00fablica que assegura emprego e renda para o homem e a mulher do campo e comida de qualidade para crian\u00e7as, jovens e adolescentes matriculados nas escolas da Semed Penedo.<\/p>\n<p>&nbsp;<\/p>\n<p>&nbsp;<\/p>\n<p>&nbsp;<\/p>\n<p><strong>Fonte: Secom PMP<\/strong><\/p>\n<p>&nbsp;<\/p>\n","protected":false},"excerpt":{"rendered":"<p>Alimentos frescos e cultivados em ro\u00e7as situadas na zona rural de Penedo come\u00e7am a ser distribu\u00eddos para escolas da Secretaria Municipal de Educa\u00e7\u00e3o (Semed). A primeira remessa dos itens que comp\u00f5em o card\u00e1pio da alimenta\u00e7\u00e3o escolar chegou nesta quinta-feira, 23. &nbsp; Sete produtores que trabalham no sistema de agricultura familiar em Penedo e a Associa\u00e7\u00e3o &hellip;<\/p>\n","protected":false},"author":2,"featured_media":27247,"comment_status":"open","ping_status":"open","sticky":false,"template":"","format":"standard","meta":{"_jetpack_memberships_contains_paid_content":false,"footnotes":""},"categories":[1,3],"tags":[],"class_list":["post-27246","post","type-post","status-publish","format-standard","has-post-thumbnail","hentry","category-destaque","category-penedo"],"jetpack_featured_media_url":"https:\/\/www.oparanews.com.br\/wp-content\/uploads\/2023\/02\/penedo-merenda-escolar-semed-foto-deywisson-duarte-5-1024x682-1.jpeg","jetpack_sharing_enabled":true,"_links":{"self":[{"href":"https:\/\/www.oparanews.com.br\/index.php\/wp-json\/wp\/v2\/posts\/27246","targetHints":{"allow":["GET"]}}],"collection":[{"href":"https:\/\/www.oparanews.com.br\/index.php\/wp-json\/wp\/v2\/posts"}],"about":[{"href":"https:\/\/www.oparanews.com.br\/index.php\/wp-json\/wp\/v2\/types\/post"}],"author":[{"embeddable":true,"href":"https:\/\/www.oparanews.com.br\/index.php\/wp-json\/wp\/v2\/users\/2"}],"replies":[{"embeddable":true,"href":"https:\/\/www.oparanews.com.br\/index.php\/wp-json\/wp\/v2\/comments?post=27246"}],"version-history":[{"count":1,"href":"https:\/\/www.oparanews.com.br\/index.php\/wp-json\/wp\/v2\/posts\/27246\/revisions"}],"predecessor-version":[{"id":27248,"href":"https:\/\/www.oparanews.com.br\/index.php\/wp-json\/wp\/v2\/posts\/27246\/revisions\/27248"}],"wp:featuredmedia":[{"embeddable":true,"href":"https:\/\/www.oparanews.com.br\/index.php\/wp-json\/wp\/v2\/media\/27247"}],"wp:attachment":[{"href":"https:\/\/www.oparanews.com.br\/index.php\/wp-json\/wp\/v2\/media?parent=27246"}],"wp:term":[{"taxonomy":"category","embeddable":true,"href":"https:\/\/www.oparanews.com.br\/index.php\/wp-json\/wp\/v2\/categories?post=27246"},{"taxonomy":"post_tag","embeddable":true,"href":"https:\/\/www.oparanews.com.br\/index.php\/wp-json\/wp\/v2\/tags?post=27246"}],"curies":[{"name":"wp","href":"https:\/\/api.w.org\/{rel}","templated":true}]}}