{"id":27282,"date":"2023-02-27T16:15:59","date_gmt":"2023-02-27T19:15:59","guid":{"rendered":"https:\/\/www.oparanews.com.br\/?p=27282"},"modified":"2023-02-27T16:15:59","modified_gmt":"2023-02-27T19:15:59","slug":"prefeitura-de-penedo-inicia-nova-etapa-de-vacinacao-contra-covid-19","status":"publish","type":"post","link":"https:\/\/www.oparanews.com.br\/index.php\/2023\/02\/27\/prefeitura-de-penedo-inicia-nova-etapa-de-vacinacao-contra-covid-19\/","title":{"rendered":"Prefeitura de Penedo inicia nova etapa de vacina\u00e7\u00e3o contra Covid-19"},"content":{"rendered":"<p>O combate ao coronav\u00edrus ganhou o refor\u00e7o da vacina bivalente, imunizante que chega para a popula\u00e7\u00e3o de Penedo a partir desta quarta-feira, 01 de mar\u00e7o, por meio do trabalho desenvolvido pela Secretaria Municipal de Sa\u00fade (SEMS).<\/p>\n<p>&nbsp;<\/p>\n<p>A nova fase da vacina\u00e7\u00e3o contra a Covid-19 segue os par\u00e2metros determinados no Plano Nacional de Imuniza\u00e7\u00e3o (PNI), padr\u00e3o seguido pela Prefeitura de Penedo desde o in\u00edcio da campanha;<\/p>\n<p>&nbsp;<\/p>\n<p>O esquema vacinal para os grupos priorit\u00e1rios (confira quem se encaixa na lista abaixo do texto) ser\u00e1 de uma dose da vacina bivalente para as pessoas que receberam at\u00e9 duas doses com vacinas monovalentes.<\/p>\n<p>&nbsp;<\/p>\n<p>J\u00e1 o intervalo para doses de refor\u00e7o com a vacina bivalente ser\u00e1 a partir de quatro meses da \u00faltima dose de refor\u00e7o ou da \u00faltima dose com vacina monovalente, ou seja, as que foram utilizadas at\u00e9 2022 durante a campanha que salva vidas e protege a popula\u00e7\u00e3o<\/p>\n<p>&nbsp;<\/p>\n<p>A nova fase de combate \u00e0 Covid-19 ter\u00e1 equipe da SEMs vacinando pessoas acamadas, cronograma nos postos de sa\u00fade, busca ativa e por meio do Expresso Sa\u00fade.<\/p>\n<p>&nbsp;<\/p>\n<p>As pessoas que n\u00e3o tomaram nem a primeira dose de vacina contra Covid ou n\u00e3o finalizaram seu esquema vacinal precisam concluir para receber o imunizante bivalente, ressaltando que a campanha da SEMS obedece a ordem dos grupos priorit\u00e1rios antes de ser levada para a popula\u00e7\u00e3o em geral.<\/p>\n<p>&nbsp;<\/p>\n<p><strong>Grupos priorit\u00e1rios<\/strong><\/p>\n<p>&nbsp;<\/p>\n<p>Fase 1 \u2013 Pessoas de 70 anos ou mais; pessoas vivendo em institui\u00e7\u00f5es de longa perman\u00eancia (abrigados e os trabalhadores dessas institui\u00e7\u00f5es); imunocomprometidos; comunidades ind\u00edgenas, ribeirinhas e quilombolas (a partir de 12 anos).<\/p>\n<p>&nbsp;<\/p>\n<p><strong>Fase 2 \u2013 Pessoas de 60 a 69 anos de idade;<\/strong><\/p>\n<p><strong>Fase 3 \u2013 Gestantes e pu\u00e9rperas;<\/strong><\/p>\n<p><strong>Fase 4 \u2013 Trabalhadores da sa\u00fade;<\/strong><\/p>\n<p><strong>Fase 5 \u2013 Pessoas com defici\u00eancia permanente, popula\u00e7\u00e3o privada de liberdade (a partir de 18 anos), adolescentes cumprindo medidas socioeducativas, funcion\u00e1rios do sistema de priva\u00e7\u00e3o de liberdade.<\/strong><\/p>\n<p>&nbsp;<\/p>\n<p>&nbsp;<\/p>\n<p>&nbsp;<\/p>\n<p><strong>Fonte: Secom PMP<\/strong><\/p>\n<p>&nbsp;<\/p>\n","protected":false},"excerpt":{"rendered":"<p>O combate ao coronav\u00edrus ganhou o refor\u00e7o da vacina bivalente, imunizante que chega para a popula\u00e7\u00e3o de Penedo a partir desta quarta-feira, 01 de mar\u00e7o, por meio do trabalho desenvolvido pela Secretaria Municipal de Sa\u00fade (SEMS). &nbsp; A nova fase da vacina\u00e7\u00e3o contra a Covid-19 segue os par\u00e2metros determinados no Plano Nacional de Imuniza\u00e7\u00e3o (PNI), &hellip;<\/p>\n","protected":false},"author":2,"featured_media":27283,"comment_status":"open","ping_status":"open","sticky":false,"template":"","format":"standard","meta":{"_jetpack_memberships_contains_paid_content":false,"footnotes":""},"categories":[1,3],"tags":[],"class_list":["post-27282","post","type-post","status-publish","format-standard","has-post-thumbnail","hentry","category-destaque","category-penedo"],"jetpack_featured_media_url":"https:\/\/www.oparanews.com.br\/wp-content\/uploads\/2023\/02\/penedo-vacina-contra-covid-19-2.jpg","jetpack_sharing_enabled":true,"_links":{"self":[{"href":"https:\/\/www.oparanews.com.br\/index.php\/wp-json\/wp\/v2\/posts\/27282","targetHints":{"allow":["GET"]}}],"collection":[{"href":"https:\/\/www.oparanews.com.br\/index.php\/wp-json\/wp\/v2\/posts"}],"about":[{"href":"https:\/\/www.oparanews.com.br\/index.php\/wp-json\/wp\/v2\/types\/post"}],"author":[{"embeddable":true,"href":"https:\/\/www.oparanews.com.br\/index.php\/wp-json\/wp\/v2\/users\/2"}],"replies":[{"embeddable":true,"href":"https:\/\/www.oparanews.com.br\/index.php\/wp-json\/wp\/v2\/comments?post=27282"}],"version-history":[{"count":1,"href":"https:\/\/www.oparanews.com.br\/index.php\/wp-json\/wp\/v2\/posts\/27282\/revisions"}],"predecessor-version":[{"id":27284,"href":"https:\/\/www.oparanews.com.br\/index.php\/wp-json\/wp\/v2\/posts\/27282\/revisions\/27284"}],"wp:featuredmedia":[{"embeddable":true,"href":"https:\/\/www.oparanews.com.br\/index.php\/wp-json\/wp\/v2\/media\/27283"}],"wp:attachment":[{"href":"https:\/\/www.oparanews.com.br\/index.php\/wp-json\/wp\/v2\/media?parent=27282"}],"wp:term":[{"taxonomy":"category","embeddable":true,"href":"https:\/\/www.oparanews.com.br\/index.php\/wp-json\/wp\/v2\/categories?post=27282"},{"taxonomy":"post_tag","embeddable":true,"href":"https:\/\/www.oparanews.com.br\/index.php\/wp-json\/wp\/v2\/tags?post=27282"}],"curies":[{"name":"wp","href":"https:\/\/api.w.org\/{rel}","templated":true}]}}