{"id":27336,"date":"2023-03-02T23:41:20","date_gmt":"2023-03-03T02:41:20","guid":{"rendered":"https:\/\/www.oparanews.com.br\/?p=27336"},"modified":"2023-03-02T23:41:20","modified_gmt":"2023-03-03T02:41:20","slug":"empresarios-visitam-penedo-para-viabilizar-investimento-em-hotelaria-e-no-polo-multissetorial","status":"publish","type":"post","link":"https:\/\/www.oparanews.com.br\/index.php\/2023\/03\/02\/empresarios-visitam-penedo-para-viabilizar-investimento-em-hotelaria-e-no-polo-multissetorial\/","title":{"rendered":"Empres\u00e1rios visitam Penedo para viabilizar investimento em hotelaria e no Polo Multissetorial"},"content":{"rendered":"<p>Empres\u00e1rios que atuam na regi\u00e3o do Sert\u00e3o de Alagoas visitaram Penedo no in\u00edcio desta semana para conhecer o potencial da cidade que est\u00e1 pronta para receber novos investimentos.<\/p>\n<p>&nbsp;<\/p>\n<p>J\u00falio C\u00e9sar J\u00fanior, Ailton Bezerra e Andrey Bezerra Lima foram recepcionados por Pedro Felipe Queiroz, Secret\u00e1rio Municipal de Desenvolvimento Econ\u00f4mico, Ind\u00fastria e Com\u00e9rcio (Sedecin) da Prefeitura de Penedo.<\/p>\n<p>&nbsp;<\/p>\n<p>Os propriet\u00e1rios de meio de hospedagem situado na cidade de Olho d\u2019\u00c1gua do Casado \u2013 um dos atrativos da regi\u00e3o dos C\u00e2nios do S\u00e3o Francisco \u2013 demonstraram interesse em um im\u00f3vel localizado no Centro Hist\u00f3rico de Penedo.<\/p>\n<p>&nbsp;<\/p>\n<p>O local est\u00e1 em obras, sendo que os empres\u00e1rios ir\u00e3o conversar com os propriet\u00e1rios sobre a possibilidade de assumir o empreendimento que criar\u00e1 empregos e ampliar\u00e1 a oferta de leitos na cidade cada vez mais qualificada para o turismo.<\/p>\n<p>&nbsp;<\/p>\n<p>Os investidores foram apresentados a diversos atrativos tur\u00edsticos de Penedo e tamb\u00e9m conversaram com o Prefeito Ronaldo Lopes, o Vice-Prefeito Jo\u00e3o Lucas e o Secret\u00e1rio Municipal de Turismo Jair Galv\u00e3o.<\/p>\n<p>&nbsp;<\/p>\n<p>\u201cEssa visita t\u00e9cnica \u00e9 consequ\u00eancia do aquecimento recente do setor que tem apoio incondicional do governo Ronaldo Lopes e das oportunidades que Penedo apresenta em seu processo de consolida\u00e7\u00e3o como destino tur\u00edstico que ir\u00e1 surpreender Alagoas e o Brasil\u201d, afirma Jair Galv\u00e3o.<\/p>\n<p>&nbsp;<\/p>\n<p>Airton e Andrey ficaram impressionados com Penedo, confirmaram que retornar\u00e3o em breve e planejam investir tamb\u00e9m em outros setores da cidade, inclusive em \u00e1rea que pretendem adquirir no Polo Multissetorial, o antigo Distrito Industrial Roberto da Silva Peixoto.<\/p>\n<p>&nbsp;<\/p>\n<p>A nova configura\u00e7\u00e3o da \u00e1rea que pertence a Prefeitura de Penedo permite a diversidade de empreendimentos, iniciativa do Prefeito Ronaldo Lopes para atrair mais atividades geradoras de emprego e renda para a popula\u00e7\u00e3o penedense.<\/p>\n<p>&nbsp;<\/p>\n<p>&nbsp;<\/p>\n<p>&nbsp;<\/p>\n<p><strong>Fonte: Secom PMP<\/strong><\/p>\n<p>&nbsp;<\/p>\n","protected":false},"excerpt":{"rendered":"<p>Empres\u00e1rios que atuam na regi\u00e3o do Sert\u00e3o de Alagoas visitaram Penedo no in\u00edcio desta semana para conhecer o potencial da cidade que est\u00e1 pronta para receber novos investimentos. &nbsp; J\u00falio C\u00e9sar J\u00fanior, Ailton Bezerra e Andrey Bezerra Lima foram recepcionados por Pedro Felipe Queiroz, Secret\u00e1rio Municipal de Desenvolvimento Econ\u00f4mico, Ind\u00fastria e Com\u00e9rcio (Sedecin) da Prefeitura &hellip;<\/p>\n","protected":false},"author":2,"featured_media":27337,"comment_status":"open","ping_status":"open","sticky":false,"template":"","format":"standard","meta":{"_jetpack_memberships_contains_paid_content":false,"footnotes":""},"categories":[1,3],"tags":[],"class_list":["post-27336","post","type-post","status-publish","format-standard","has-post-thumbnail","hentry","category-destaque","category-penedo"],"jetpack_featured_media_url":"https:\/\/www.oparanews.com.br\/wp-content\/uploads\/2023\/03\/visita-empresarios-olhodagua-casado-penedo.jpeg","jetpack_sharing_enabled":true,"_links":{"self":[{"href":"https:\/\/www.oparanews.com.br\/index.php\/wp-json\/wp\/v2\/posts\/27336","targetHints":{"allow":["GET"]}}],"collection":[{"href":"https:\/\/www.oparanews.com.br\/index.php\/wp-json\/wp\/v2\/posts"}],"about":[{"href":"https:\/\/www.oparanews.com.br\/index.php\/wp-json\/wp\/v2\/types\/post"}],"author":[{"embeddable":true,"href":"https:\/\/www.oparanews.com.br\/index.php\/wp-json\/wp\/v2\/users\/2"}],"replies":[{"embeddable":true,"href":"https:\/\/www.oparanews.com.br\/index.php\/wp-json\/wp\/v2\/comments?post=27336"}],"version-history":[{"count":1,"href":"https:\/\/www.oparanews.com.br\/index.php\/wp-json\/wp\/v2\/posts\/27336\/revisions"}],"predecessor-version":[{"id":27338,"href":"https:\/\/www.oparanews.com.br\/index.php\/wp-json\/wp\/v2\/posts\/27336\/revisions\/27338"}],"wp:featuredmedia":[{"embeddable":true,"href":"https:\/\/www.oparanews.com.br\/index.php\/wp-json\/wp\/v2\/media\/27337"}],"wp:attachment":[{"href":"https:\/\/www.oparanews.com.br\/index.php\/wp-json\/wp\/v2\/media?parent=27336"}],"wp:term":[{"taxonomy":"category","embeddable":true,"href":"https:\/\/www.oparanews.com.br\/index.php\/wp-json\/wp\/v2\/categories?post=27336"},{"taxonomy":"post_tag","embeddable":true,"href":"https:\/\/www.oparanews.com.br\/index.php\/wp-json\/wp\/v2\/tags?post=27336"}],"curies":[{"name":"wp","href":"https:\/\/api.w.org\/{rel}","templated":true}]}}