{"id":27387,"date":"2023-03-06T23:03:48","date_gmt":"2023-03-07T02:03:48","guid":{"rendered":"https:\/\/www.oparanews.com.br\/?p=27387"},"modified":"2023-03-06T23:03:48","modified_gmt":"2023-03-07T02:03:48","slug":"posse-da-gestora-da-semu-em-penedo-acontecera-no-dia-da-mulher","status":"publish","type":"post","link":"https:\/\/www.oparanews.com.br\/index.php\/2023\/03\/06\/posse-da-gestora-da-semu-em-penedo-acontecera-no-dia-da-mulher\/","title":{"rendered":"Posse da gestora da Semu em Penedo acontecer\u00e1 no Dia da Mulher"},"content":{"rendered":"<p>O Dia Internacional da Mulher em Penedo ser\u00e1 comemorado na pr\u00f3xima quarta-feira, 08 de mar\u00e7o, \u00e0s 15 horas, no Theatro Sete de Setembro, local de diversas atividades para o p\u00fablico feminino e tamb\u00e9m data da posse da gestora da Secretaria da Mulher (Semu).<\/p>\n<p>&nbsp;<\/p>\n<p>A pasta criada no governo Ronaldo Lopes ser\u00e1 administrada por Aliny Costa Bezerra, que esteve \u00e0 frente da Secretaria Municipal de Cultura, Lazer e Juventude (SEMCLEJ) da Prefeitura de Penedo nos \u00faltimos seis anos.<\/p>\n<p>&nbsp;<\/p>\n<p>A Secretaria de Cultura de Penedo continua sob a administra\u00e7\u00e3o de uma penedense, a jornalista Teresa Machado Pereira, empossada na \u00faltima sexta-feira, 03.<\/p>\n<p>&nbsp;<\/p>\n<p>Aliny Costa assume a Semu com a miss\u00e3o de \u201cvalorizar, proteger e empoderar as mulheres de Penedo\u201d, base do trabalho que comprova a import\u00e2ncia do protagonismo feminino no governo de Ronaldo Lopes.<\/p>\n<p>&nbsp;<\/p>\n<p>A programa\u00e7\u00e3o que tamb\u00e9m \u00e9 alusiva ao Dia da Mulher tem abertura com o Quarteto Ventos de Penedo, formado por m\u00fasicos da Sociedade Montepio dos Artistas; e anima\u00e7\u00e3o da Podderosa, humorista que orienta o p\u00fablico sobre diversos temas, sempre de forma descontra\u00edda.<\/p>\n<p>&nbsp;<\/p>\n<p>Tamb\u00e9m haver\u00e1 a palestra \u2018Fortalecendo Mulheres \u00e0 Frente de Neg\u00f3cios\u201d, com Diana Moura, psic\u00f3loga e CEO do Caf\u00e9 Delas, uma rede de projetos, neg\u00f3cios e hist\u00f3rias femininas, com foco no empoderamento, empreendedorismo e networking feminino.<\/p>\n<p>&nbsp;<\/p>\n<p>&nbsp;<\/p>\n<p>&nbsp;<\/p>\n<p>&nbsp;<\/p>\n<p><strong>Fonte: Secom PMP<\/strong><\/p>\n<p>&nbsp;<\/p>\n","protected":false},"excerpt":{"rendered":"<p>O Dia Internacional da Mulher em Penedo ser\u00e1 comemorado na pr\u00f3xima quarta-feira, 08 de mar\u00e7o, \u00e0s 15 horas, no Theatro Sete de Setembro, local de diversas atividades para o p\u00fablico feminino e tamb\u00e9m data da posse da gestora da Secretaria da Mulher (Semu). &nbsp; A pasta criada no governo Ronaldo Lopes ser\u00e1 administrada por Aliny &hellip;<\/p>\n","protected":false},"author":2,"featured_media":27388,"comment_status":"open","ping_status":"open","sticky":false,"template":"","format":"standard","meta":{"_jetpack_memberships_contains_paid_content":false,"footnotes":""},"categories":[1,3],"tags":[],"class_list":["post-27387","post","type-post","status-publish","format-standard","has-post-thumbnail","hentry","category-destaque","category-penedo"],"jetpack_featured_media_url":"https:\/\/www.oparanews.com.br\/wp-content\/uploads\/2023\/03\/aliny-costa-semu-penedo.jpeg","jetpack_sharing_enabled":true,"_links":{"self":[{"href":"https:\/\/www.oparanews.com.br\/index.php\/wp-json\/wp\/v2\/posts\/27387","targetHints":{"allow":["GET"]}}],"collection":[{"href":"https:\/\/www.oparanews.com.br\/index.php\/wp-json\/wp\/v2\/posts"}],"about":[{"href":"https:\/\/www.oparanews.com.br\/index.php\/wp-json\/wp\/v2\/types\/post"}],"author":[{"embeddable":true,"href":"https:\/\/www.oparanews.com.br\/index.php\/wp-json\/wp\/v2\/users\/2"}],"replies":[{"embeddable":true,"href":"https:\/\/www.oparanews.com.br\/index.php\/wp-json\/wp\/v2\/comments?post=27387"}],"version-history":[{"count":1,"href":"https:\/\/www.oparanews.com.br\/index.php\/wp-json\/wp\/v2\/posts\/27387\/revisions"}],"predecessor-version":[{"id":27389,"href":"https:\/\/www.oparanews.com.br\/index.php\/wp-json\/wp\/v2\/posts\/27387\/revisions\/27389"}],"wp:featuredmedia":[{"embeddable":true,"href":"https:\/\/www.oparanews.com.br\/index.php\/wp-json\/wp\/v2\/media\/27388"}],"wp:attachment":[{"href":"https:\/\/www.oparanews.com.br\/index.php\/wp-json\/wp\/v2\/media?parent=27387"}],"wp:term":[{"taxonomy":"category","embeddable":true,"href":"https:\/\/www.oparanews.com.br\/index.php\/wp-json\/wp\/v2\/categories?post=27387"},{"taxonomy":"post_tag","embeddable":true,"href":"https:\/\/www.oparanews.com.br\/index.php\/wp-json\/wp\/v2\/tags?post=27387"}],"curies":[{"name":"wp","href":"https:\/\/api.w.org\/{rel}","templated":true}]}}