{"id":27396,"date":"2023-03-07T23:18:36","date_gmt":"2023-03-08T02:18:36","guid":{"rendered":"https:\/\/www.oparanews.com.br\/?p=27396"},"modified":"2023-03-07T23:18:36","modified_gmt":"2023-03-08T02:18:36","slug":"parceria-entre-prefeitura-de-penedo-e-miracor-vai-revitalizar-imoveis-do-centro-historico","status":"publish","type":"post","link":"https:\/\/www.oparanews.com.br\/index.php\/2023\/03\/07\/parceria-entre-prefeitura-de-penedo-e-miracor-vai-revitalizar-imoveis-do-centro-historico\/","title":{"rendered":"Parceria entre Prefeitura de Penedo e Miracor vai revitalizar im\u00f3veis do Centro Hist\u00f3rico"},"content":{"rendered":"<p>Not\u00edcia boa para a cidade de Penedo! Os pr\u00e9dios do Centro Hist\u00f3rico ganhar\u00e3o mais cor e ser\u00e3o revitalizados em breve. A conquista \u00e9 uma parceria da Prefeitura de Penedo, atrav\u00e9s da Secretaria Municipal de Turismo (Setur) com a empresa alagoana Miracor Tintas e Texturas, uma das mais importantes do Nordeste.<\/p>\n<p>&nbsp;<\/p>\n<p>A parceria foi firmada ap\u00f3s visita t\u00e9cnica por todo o Centro Hist\u00f3rico de Penedo. O prefeito Ronaldo Lopes e o Secret\u00e1rio de Turismo Jair Galv\u00e3o recepcionaram e acompanharam Fabr\u00edcio Oliveira, diretor de Marketing e Comercial da Miracor Tintas e Texturas, que p\u00f4de conhecer e visualizar, de perto, todo o equipamento e espa\u00e7o hist\u00f3rico.<\/p>\n<p>&nbsp;<\/p>\n<p>\u201cTivemos a alegria de apresentar ao Fabr\u00edcio o nosso lindo e t\u00e3o rico Centro Hist\u00f3rico. A empresa Miracor Tintas e Texturas vai fornecer tintas e todas as ferramentas necess\u00e1rias para que os nossos pr\u00e9dios hist\u00f3ricos sejam revitalizados. Estamos trabalhando para que a a\u00e7\u00e3o seja realizada o mais breve poss\u00edvel. N\u00e3o tenho d\u00favidas de que a nossa cidade ficar\u00e1 ainda mais linda\u201d, disse Ronaldo Lopes, Prefeito de Penedo.<\/p>\n<p>&nbsp;<\/p>\n<p>De acordo com o gestor da SETUR, a parceria desenvolve e fortalece a cidade de Penedo como destino tur\u00edstico.<\/p>\n<p>&nbsp;<\/p>\n<p>\u201cO colorido das fachadas incrementa ainda mais a experi\u00eancia dos turistas e o sentimento de pertencimento de toda a popula\u00e7\u00e3o penedense que, pouco a pouco, vai percebendo o objetivo do prefeito Ronaldo Lopes, que \u00e9 o de transformar a cidade hist\u00f3rica em uma das mais bem cuidadas do pa\u00eds\u201d, explicou o secret\u00e1rio de Turismo.<\/p>\n<p>&nbsp;<\/p>\n<p>\u201cA revitaliza\u00e7\u00e3o dos pr\u00e9dios do Centro Hist\u00f3rico vai contribuir n\u00e3o somente para o turismo, mas, tamb\u00e9m, para a conserva\u00e7\u00e3o do patrim\u00f4nio. Ser\u00e1 nossa primeira interven\u00e7\u00e3o em pr\u00e9dios hist\u00f3ricos e, para a Miracor, ser\u00e1 um prazer muito grande participar desse projeto. \u00c9 um novo marco poder abra\u00e7ar essa cidade que \u00e9 t\u00e3o importante para o nosso estado\u201d, disse Fabr\u00edcio Oliveira, da Miracor Tintas e Texturas.<\/p>\n<p>&nbsp;<\/p>\n<p>&nbsp;<\/p>\n<p>&nbsp;<\/p>\n<p><strong>por Thaciana Lima \u2013 jornalista e social media Setur Penedo<\/strong><\/p>\n<p>&nbsp;<\/p>\n","protected":false},"excerpt":{"rendered":"<p>Not\u00edcia boa para a cidade de Penedo! Os pr\u00e9dios do Centro Hist\u00f3rico ganhar\u00e3o mais cor e ser\u00e3o revitalizados em breve. A conquista \u00e9 uma parceria da Prefeitura de Penedo, atrav\u00e9s da Secretaria Municipal de Turismo (Setur) com a empresa alagoana Miracor Tintas e Texturas, uma das mais importantes do Nordeste. &nbsp; A parceria foi firmada &hellip;<\/p>\n","protected":false},"author":2,"featured_media":27397,"comment_status":"open","ping_status":"open","sticky":false,"template":"","format":"standard","meta":{"_jetpack_memberships_contains_paid_content":false,"footnotes":""},"categories":[1,3],"tags":[],"class_list":["post-27396","post","type-post","status-publish","format-standard","has-post-thumbnail","hentry","category-destaque","category-penedo"],"jetpack_featured_media_url":"https:\/\/www.oparanews.com.br\/wp-content\/uploads\/2023\/03\/parceira-prefeitura-de-penedo-miracor-3.jpeg","jetpack_sharing_enabled":true,"_links":{"self":[{"href":"https:\/\/www.oparanews.com.br\/index.php\/wp-json\/wp\/v2\/posts\/27396","targetHints":{"allow":["GET"]}}],"collection":[{"href":"https:\/\/www.oparanews.com.br\/index.php\/wp-json\/wp\/v2\/posts"}],"about":[{"href":"https:\/\/www.oparanews.com.br\/index.php\/wp-json\/wp\/v2\/types\/post"}],"author":[{"embeddable":true,"href":"https:\/\/www.oparanews.com.br\/index.php\/wp-json\/wp\/v2\/users\/2"}],"replies":[{"embeddable":true,"href":"https:\/\/www.oparanews.com.br\/index.php\/wp-json\/wp\/v2\/comments?post=27396"}],"version-history":[{"count":1,"href":"https:\/\/www.oparanews.com.br\/index.php\/wp-json\/wp\/v2\/posts\/27396\/revisions"}],"predecessor-version":[{"id":27398,"href":"https:\/\/www.oparanews.com.br\/index.php\/wp-json\/wp\/v2\/posts\/27396\/revisions\/27398"}],"wp:featuredmedia":[{"embeddable":true,"href":"https:\/\/www.oparanews.com.br\/index.php\/wp-json\/wp\/v2\/media\/27397"}],"wp:attachment":[{"href":"https:\/\/www.oparanews.com.br\/index.php\/wp-json\/wp\/v2\/media?parent=27396"}],"wp:term":[{"taxonomy":"category","embeddable":true,"href":"https:\/\/www.oparanews.com.br\/index.php\/wp-json\/wp\/v2\/categories?post=27396"},{"taxonomy":"post_tag","embeddable":true,"href":"https:\/\/www.oparanews.com.br\/index.php\/wp-json\/wp\/v2\/tags?post=27396"}],"curies":[{"name":"wp","href":"https:\/\/api.w.org\/{rel}","templated":true}]}}