{"id":27402,"date":"2023-03-07T23:26:39","date_gmt":"2023-03-08T02:26:39","guid":{"rendered":"https:\/\/www.oparanews.com.br\/?p=27402"},"modified":"2023-03-07T23:26:39","modified_gmt":"2023-03-08T02:26:39","slug":"nova-secretaria-de-cultura-sera-a-entrevistada-do-penedo-pod-desta-quinta-09","status":"publish","type":"post","link":"https:\/\/www.oparanews.com.br\/index.php\/2023\/03\/07\/nova-secretaria-de-cultura-sera-a-entrevistada-do-penedo-pod-desta-quinta-09\/","title":{"rendered":"Nova Secret\u00e1ria de Cultura ser\u00e1 a entrevistada do PENEDO POD desta quinta, 09"},"content":{"rendered":"<p>Rec\u00e9m-empossada na Secretaria de Cultura de Penedo, Maria Teresa Machado Pereira Ten\u00f3rio S\u00e1 participar\u00e1 do podcast oficial da Secretaria Municipal de Comunica\u00e7\u00e3o, que tem como apresentadores o Secret\u00e1rio Kim Emmanuel e o Diretor de Comunica\u00e7\u00e3o, Fernando Vin\u00edcius.<\/p>\n<p>&nbsp;<\/p>\n<p>A gestora da SEMCLEJ, em um bate-papo informal, contar\u00e1 seus planos iniciais para a cultura da cidade hist\u00f3rica de Penedo. Al\u00e9m disso, as primeiras informa\u00e7\u00f5es sobre a t\u00e3o esperada Festa N\u00e1utica ser\u00e1 divulgada.<\/p>\n<p>&nbsp;<\/p>\n<p>O PENEDO POD excepcionalmente acontecer\u00e1 nesta quinta-feira, 09, a partir das 10h, no Youtube da da gest\u00e3o Crescendo Com Seu Povo.<\/p>\n<p>&nbsp;<\/p>\n<p>&nbsp;<\/p>\n<p>&nbsp;<\/p>\n<p><strong>Fonte: Secom PMP<\/strong><\/p>\n<p>&nbsp;<\/p>\n","protected":false},"excerpt":{"rendered":"<p>Rec\u00e9m-empossada na Secretaria de Cultura de Penedo, Maria Teresa Machado Pereira Ten\u00f3rio S\u00e1 participar\u00e1 do podcast oficial da Secretaria Municipal de Comunica\u00e7\u00e3o, que tem como apresentadores o Secret\u00e1rio Kim Emmanuel e o Diretor de Comunica\u00e7\u00e3o, Fernando Vin\u00edcius. &nbsp; A gestora da SEMCLEJ, em um bate-papo informal, contar\u00e1 seus planos iniciais para a cultura da cidade &hellip;<\/p>\n","protected":false},"author":2,"featured_media":27403,"comment_status":"open","ping_status":"open","sticky":false,"template":"","format":"standard","meta":{"_jetpack_memberships_contains_paid_content":false,"footnotes":""},"categories":[1,3],"tags":[],"class_list":["post-27402","post","type-post","status-publish","format-standard","has-post-thumbnail","hentry","category-destaque","category-penedo"],"jetpack_featured_media_url":"https:\/\/www.oparanews.com.br\/wp-content\/uploads\/2023\/03\/PENEDO_POD_teresa_machado.jpg","jetpack_sharing_enabled":true,"_links":{"self":[{"href":"https:\/\/www.oparanews.com.br\/index.php\/wp-json\/wp\/v2\/posts\/27402","targetHints":{"allow":["GET"]}}],"collection":[{"href":"https:\/\/www.oparanews.com.br\/index.php\/wp-json\/wp\/v2\/posts"}],"about":[{"href":"https:\/\/www.oparanews.com.br\/index.php\/wp-json\/wp\/v2\/types\/post"}],"author":[{"embeddable":true,"href":"https:\/\/www.oparanews.com.br\/index.php\/wp-json\/wp\/v2\/users\/2"}],"replies":[{"embeddable":true,"href":"https:\/\/www.oparanews.com.br\/index.php\/wp-json\/wp\/v2\/comments?post=27402"}],"version-history":[{"count":1,"href":"https:\/\/www.oparanews.com.br\/index.php\/wp-json\/wp\/v2\/posts\/27402\/revisions"}],"predecessor-version":[{"id":27404,"href":"https:\/\/www.oparanews.com.br\/index.php\/wp-json\/wp\/v2\/posts\/27402\/revisions\/27404"}],"wp:featuredmedia":[{"embeddable":true,"href":"https:\/\/www.oparanews.com.br\/index.php\/wp-json\/wp\/v2\/media\/27403"}],"wp:attachment":[{"href":"https:\/\/www.oparanews.com.br\/index.php\/wp-json\/wp\/v2\/media?parent=27402"}],"wp:term":[{"taxonomy":"category","embeddable":true,"href":"https:\/\/www.oparanews.com.br\/index.php\/wp-json\/wp\/v2\/categories?post=27402"},{"taxonomy":"post_tag","embeddable":true,"href":"https:\/\/www.oparanews.com.br\/index.php\/wp-json\/wp\/v2\/tags?post=27402"}],"curies":[{"name":"wp","href":"https:\/\/api.w.org\/{rel}","templated":true}]}}