{"id":27409,"date":"2023-03-08T23:52:22","date_gmt":"2023-03-09T02:52:22","guid":{"rendered":"https:\/\/www.oparanews.com.br\/?p=27409"},"modified":"2023-03-08T23:52:22","modified_gmt":"2023-03-09T02:52:22","slug":"ronaldo-lopes-amplia-protagonismo-feminino-na-prefeitura-de-penedo-com-a-secretaria-da-mulher","status":"publish","type":"post","link":"https:\/\/www.oparanews.com.br\/index.php\/2023\/03\/08\/ronaldo-lopes-amplia-protagonismo-feminino-na-prefeitura-de-penedo-com-a-secretaria-da-mulher\/","title":{"rendered":"Ronaldo Lopes amplia protagonismo feminino na Prefeitura de Penedo com a Secretaria da Mulher"},"content":{"rendered":"<p>O Dia Internacional da Mulher de 2023 j\u00e1 \u00e9 um marco para o fortalecimento do protagonismo feminino em Penedo. Nesta quarta-feira, 08, o Prefeito Ronaldo Lopes efetivou a Secretaria Municipal da Mulher (SEMU), pasta criada pelo gestor para discutir e implantar pol\u00edticas p\u00fablicas de valoriza\u00e7\u00e3o e respeito \u00e0s mulheres.<\/p>\n<p>&nbsp;<\/p>\n<p>A SEMU ser\u00e1 administrada por Aliny Costa Bezerra, Secret\u00e1ria Municipal de Cultura, Lazer e Juventude (SEMCLEJ) por seis anos, cargo que agora \u00e9 de responsabilidade da jornalista Teresa Machado.<\/p>\n<p>&nbsp;<\/p>\n<p>O primeiro escal\u00e3o do governo Ronaldo Lopes tem ainda mais cinco mulheres em sua composi\u00e7\u00e3o. Amanda Lima na Secretaria de Infraestrutura, Waninna Mendon\u00e7a na Secretaria de Sa\u00fade, Marcela Lopes na Secretaria de A\u00e7\u00f5es Estrat\u00e9gicas, Yanne Martyres na Governan\u00e7a Corporativa e Rafaella Souza na Ouvidoria Municipal.<\/p>\n<p><a href=\"http:\/\/www.oparanews.com.br\/wp-content\/uploads\/2023\/03\/penedo-posse-semu-fotos-deywisson-duarte-5.jpeg\"><img loading=\"lazy\" decoding=\"async\" class=\"aligncenter size-full wp-image-27411\" src=\"http:\/\/www.oparanews.com.br\/wp-content\/uploads\/2023\/03\/penedo-posse-semu-fotos-deywisson-duarte-5.jpeg\" alt=\"\" width=\"1600\" height=\"1066\" srcset=\"https:\/\/www.oparanews.com.br\/wp-content\/uploads\/2023\/03\/penedo-posse-semu-fotos-deywisson-duarte-5.jpeg 1600w, https:\/\/www.oparanews.com.br\/wp-content\/uploads\/2023\/03\/penedo-posse-semu-fotos-deywisson-duarte-5-300x200.jpeg 300w, https:\/\/www.oparanews.com.br\/wp-content\/uploads\/2023\/03\/penedo-posse-semu-fotos-deywisson-duarte-5-1024x682.jpeg 1024w, https:\/\/www.oparanews.com.br\/wp-content\/uploads\/2023\/03\/penedo-posse-semu-fotos-deywisson-duarte-5-768x512.jpeg 768w, https:\/\/www.oparanews.com.br\/wp-content\/uploads\/2023\/03\/penedo-posse-semu-fotos-deywisson-duarte-5-1536x1023.jpeg 1536w\" sizes=\"auto, (max-width: 1600px) 100vw, 1600px\" \/><\/a><\/p>\n<p>\u201cA Prefeitura de Penedo d\u00e1 um passo maior em rela\u00e7\u00e3o \u00e0s pol\u00edticas p\u00fablicas para as mulheres, ampliando esse di\u00e1logo com a rede de prote\u00e7\u00e3o e atuando em linha direta com os governos federal e estadual\u201d, afirma Ronaldo Lopes.<\/p>\n<p>&nbsp;<\/p>\n<p>O gestor penedense frisa que a luta faz parte da natureza da mulher e que elas s\u00e3o \u201cincans\u00e1veis nas batalhas que enfrentam diariamente por um mundo justo, com oportunidades para todos os cidad\u00e3os\u201d.<\/p>\n<p>&nbsp;<\/p>\n<p>Alliny Costa agradeceu ao gestor e destacou que n\u00e3o haveria momento melhor para o lan\u00e7amento da SEMU do que o Dia Internacional da Mulher, assumindo o compromisso de apoiar o empoderamento e o empreendedorismo feminino como bases de sua gest\u00e3o.<\/p>\n<p>&nbsp;<\/p>\n<p>A solenidade de posse foi realizada no Theatro Sete de Setembro, com Mesa de Honra formada por Raquel Tavares, \u00fanica vereadora da C\u00e2mara Municipal de Penedo; Gilv\u00e2nia Fagundes, diretora do Centro de Refer\u00eancia Especializada em Assist\u00eancia Social (CREAS); Luciana Alves, presidente da OAB Penedo; Karla Barros, fundadora do Grupo de Fibromialgia de Penedo; e Marise de Souza, presidente do Conselho Tutelar dos Direitos da Crian\u00e7a e do Adolescente.<\/p>\n<p>&nbsp;<\/p>\n<p>O quarteto Ventos de Penedo e a dupla J\u00fanior Maia e N\u00fabia fizeram as apresenta\u00e7\u00f5es art\u00edsticas do evento encerrado com palestra da psic\u00f3loga e CEO do Caf\u00e9 Delas (@cafedelaas), rede de projetos, neg\u00f3cios e hist\u00f3rias femininas, com foco no empoderamento, empreendedorismo e networking feminino.<\/p>\n<p>&nbsp;<\/p>\n<p>&nbsp;<\/p>\n<p>&nbsp;<\/p>\n<p><strong>Fonte: Secom PMP<\/strong><\/p>\n<p>&nbsp;<\/p>\n","protected":false},"excerpt":{"rendered":"<p>O Dia Internacional da Mulher de 2023 j\u00e1 \u00e9 um marco para o fortalecimento do protagonismo feminino em Penedo. Nesta quarta-feira, 08, o Prefeito Ronaldo Lopes efetivou a Secretaria Municipal da Mulher (SEMU), pasta criada pelo gestor para discutir e implantar pol\u00edticas p\u00fablicas de valoriza\u00e7\u00e3o e respeito \u00e0s mulheres. &nbsp; A SEMU ser\u00e1 administrada por &hellip;<\/p>\n","protected":false},"author":2,"featured_media":27410,"comment_status":"open","ping_status":"open","sticky":false,"template":"","format":"standard","meta":{"_jetpack_memberships_contains_paid_content":false,"footnotes":""},"categories":[1,3],"tags":[],"class_list":["post-27409","post","type-post","status-publish","format-standard","has-post-thumbnail","hentry","category-destaque","category-penedo"],"jetpack_featured_media_url":"https:\/\/www.oparanews.com.br\/wp-content\/uploads\/2023\/03\/penedo-posse-semu-fotos-deywisson-duarte.jpeg","jetpack_sharing_enabled":true,"_links":{"self":[{"href":"https:\/\/www.oparanews.com.br\/index.php\/wp-json\/wp\/v2\/posts\/27409","targetHints":{"allow":["GET"]}}],"collection":[{"href":"https:\/\/www.oparanews.com.br\/index.php\/wp-json\/wp\/v2\/posts"}],"about":[{"href":"https:\/\/www.oparanews.com.br\/index.php\/wp-json\/wp\/v2\/types\/post"}],"author":[{"embeddable":true,"href":"https:\/\/www.oparanews.com.br\/index.php\/wp-json\/wp\/v2\/users\/2"}],"replies":[{"embeddable":true,"href":"https:\/\/www.oparanews.com.br\/index.php\/wp-json\/wp\/v2\/comments?post=27409"}],"version-history":[{"count":1,"href":"https:\/\/www.oparanews.com.br\/index.php\/wp-json\/wp\/v2\/posts\/27409\/revisions"}],"predecessor-version":[{"id":27412,"href":"https:\/\/www.oparanews.com.br\/index.php\/wp-json\/wp\/v2\/posts\/27409\/revisions\/27412"}],"wp:featuredmedia":[{"embeddable":true,"href":"https:\/\/www.oparanews.com.br\/index.php\/wp-json\/wp\/v2\/media\/27410"}],"wp:attachment":[{"href":"https:\/\/www.oparanews.com.br\/index.php\/wp-json\/wp\/v2\/media?parent=27409"}],"wp:term":[{"taxonomy":"category","embeddable":true,"href":"https:\/\/www.oparanews.com.br\/index.php\/wp-json\/wp\/v2\/categories?post=27409"},{"taxonomy":"post_tag","embeddable":true,"href":"https:\/\/www.oparanews.com.br\/index.php\/wp-json\/wp\/v2\/tags?post=27409"}],"curies":[{"name":"wp","href":"https:\/\/api.w.org\/{rel}","templated":true}]}}