{"id":27416,"date":"2023-03-09T00:57:34","date_gmt":"2023-03-09T03:57:34","guid":{"rendered":"https:\/\/www.oparanews.com.br\/?p=27416"},"modified":"2023-03-09T00:57:34","modified_gmt":"2023-03-09T03:57:34","slug":"policia-prende-em-recife-um-dos-acusados-de-matar-jovem-a-facadas-em-penedo","status":"publish","type":"post","link":"https:\/\/www.oparanews.com.br\/index.php\/2023\/03\/09\/policia-prende-em-recife-um-dos-acusados-de-matar-jovem-a-facadas-em-penedo\/","title":{"rendered":"Pol\u00edcia prende, em Recife, um dos acusados de matar jovem a facadas em Penedo"},"content":{"rendered":"<p>A Pol\u00edcia Civil prendeu, nesta quarta-feira (8), um dos acusados de matar a facadas o jovem Gustavo Santos Fontes, 24 anos, no dia 12 de fevereiro deste ano, em Penedo, no interior de Alagoas. O acusado, de 20 anos, estava foragido e foi preso em Paulista, Regi\u00e3o Metropolitana do Recife, pelos policiais civis da 7\u00b0 DRP da PCAL.<\/p>\n<p>&nbsp;<\/p>\n<p>O suspeito foi localizado ap\u00f3s um trabalho de investiga\u00e7\u00e3o bem sucedido realizado pela equipe da Delegacia Regional de Penedo com apoio da Ger\u00eancia de Intelig\u00eancia Policial (Ginpol).<\/p>\n<p>&nbsp;<\/p>\n<p>De acordo com as informa\u00e7\u00f5es policiais, a morte foi em fun\u00e7\u00e3o da v\u00edtima e separar uma briga entre o amigo dele e um dos autores do crime. Que seria motivada por uma rivalidade amorosa entre o amigo da v\u00edtima e um dos assassinos.<\/p>\n<p>&nbsp;<\/p>\n<p>O amigo da v\u00edtima era ex-namorado da atual mulher do acusado que foi preso nesta quarta-feira. Ainda conforme relato, no dia do crime, Gustavo Santos envolveu-se numa briga com os suspeitos, na frente de um bar, situado na cidade de Penedo.<\/p>\n<p>&nbsp;<\/p>\n<p>Os acusados estavam armados com uma faca e golpearam a v\u00edtima, que foi socorrida para a UPA da cidade de Penedo, entrando em \u00f3bito antes de ser transferida para Unidade de Emerg\u00eancia do Agreste, em Arapiraca.<\/p>\n<p>&nbsp;<\/p>\n<p>O chefe de opera\u00e7\u00f5es da 7\u00b0DRP, Agente Welber Cardoso, informou que as dilig\u00eancias continuam na busca do outro envolvido no assassinato.<\/p>\n<p>&nbsp;<\/p>\n<p>&nbsp;<\/p>\n<p>&nbsp;<\/p>\n<p><strong>Fonte: CadaMinuto<\/strong><\/p>\n<p>&nbsp;<\/p>\n","protected":false},"excerpt":{"rendered":"<p>A Pol\u00edcia Civil prendeu, nesta quarta-feira (8), um dos acusados de matar a facadas o jovem Gustavo Santos Fontes, 24 anos, no dia 12 de fevereiro deste ano, em Penedo, no interior de Alagoas. O acusado, de 20 anos, estava foragido e foi preso em Paulista, Regi\u00e3o Metropolitana do Recife, pelos policiais civis da 7\u00b0 &hellip;<\/p>\n","protected":false},"author":2,"featured_media":27417,"comment_status":"open","ping_status":"open","sticky":false,"template":"","format":"standard","meta":{"_jetpack_memberships_contains_paid_content":false,"footnotes":""},"categories":[1,3],"tags":[],"class_list":["post-27416","post","type-post","status-publish","format-standard","has-post-thumbnail","hentry","category-destaque","category-penedo"],"jetpack_featured_media_url":"https:\/\/www.oparanews.com.br\/wp-content\/uploads\/2023\/03\/rsw_800h_500i_truecg_trueft_cover-1-1.webp","jetpack_sharing_enabled":true,"_links":{"self":[{"href":"https:\/\/www.oparanews.com.br\/index.php\/wp-json\/wp\/v2\/posts\/27416","targetHints":{"allow":["GET"]}}],"collection":[{"href":"https:\/\/www.oparanews.com.br\/index.php\/wp-json\/wp\/v2\/posts"}],"about":[{"href":"https:\/\/www.oparanews.com.br\/index.php\/wp-json\/wp\/v2\/types\/post"}],"author":[{"embeddable":true,"href":"https:\/\/www.oparanews.com.br\/index.php\/wp-json\/wp\/v2\/users\/2"}],"replies":[{"embeddable":true,"href":"https:\/\/www.oparanews.com.br\/index.php\/wp-json\/wp\/v2\/comments?post=27416"}],"version-history":[{"count":1,"href":"https:\/\/www.oparanews.com.br\/index.php\/wp-json\/wp\/v2\/posts\/27416\/revisions"}],"predecessor-version":[{"id":27418,"href":"https:\/\/www.oparanews.com.br\/index.php\/wp-json\/wp\/v2\/posts\/27416\/revisions\/27418"}],"wp:featuredmedia":[{"embeddable":true,"href":"https:\/\/www.oparanews.com.br\/index.php\/wp-json\/wp\/v2\/media\/27417"}],"wp:attachment":[{"href":"https:\/\/www.oparanews.com.br\/index.php\/wp-json\/wp\/v2\/media?parent=27416"}],"wp:term":[{"taxonomy":"category","embeddable":true,"href":"https:\/\/www.oparanews.com.br\/index.php\/wp-json\/wp\/v2\/categories?post=27416"},{"taxonomy":"post_tag","embeddable":true,"href":"https:\/\/www.oparanews.com.br\/index.php\/wp-json\/wp\/v2\/tags?post=27416"}],"curies":[{"name":"wp","href":"https:\/\/api.w.org\/{rel}","templated":true}]}}