{"id":27466,"date":"2023-03-13T11:35:04","date_gmt":"2023-03-13T14:35:04","guid":{"rendered":"https:\/\/www.oparanews.com.br\/?p=27466"},"modified":"2023-03-13T11:35:04","modified_gmt":"2023-03-13T14:35:04","slug":"penedo-supera-expectativas-do-projeto-empreende-alagoas","status":"publish","type":"post","link":"https:\/\/www.oparanews.com.br\/index.php\/2023\/03\/13\/penedo-supera-expectativas-do-projeto-empreende-alagoas\/","title":{"rendered":"Penedo supera expectativas do Projeto Empreende Alagoas"},"content":{"rendered":"<p>Mais de 300 pessoas inscritas, dois polos para as aulas, monitores \u00e0 disposi\u00e7\u00e3o e muito empenho envolvido no trabalho que pode transformar a vida de micro e pequenos empreendedores.<\/p>\n<p>&nbsp;<\/p>\n<p>Em Penedo, \u00e9 assim que come\u00e7a o Empreende Alagoas, superando expectativas do projeto que une os governos estadual e municipal por meio das respectivas secretarias de desenvolvimento.<\/p>\n<p>&nbsp;<\/p>\n<p>A abertura na noite da sexta-feira reuniu inscritos e representantes da institui\u00e7\u00f5es no audit\u00f3rio da Faculdade Raimundo Marinho, mais uma parceria do projeto em Penedo, representada por Karlinne Cordeiro, Diretora Acad\u00eamica da FRM.<\/p>\n<p>&nbsp;<\/p>\n<p>A agenda de trabalho contou ainda com a presen\u00e7a do vereador Ernande Pinheiro e do menino Miguel, um empreendedor nato, acompanhado por seus pais.<\/p>\n<p>&nbsp;<\/p>\n<p>Ap\u00f3s serem inclu\u00eddos na plataforma do curso online, quem abra\u00e7ou a oportunidade gratuita, inclusive para material did\u00e1tico, foi apresentado ao Empreende Alagoas de forma mais detalhada.<\/p>\n<p>&nbsp;<\/p>\n<p>O est\u00edmulo ao empreendedorismo \u00e9 dividido em quatro m\u00f3dulos, totalizando 80 horas\/aula gravadas para que o estudante avance conforme seu ritmo, com prazo m\u00e1ximo de 3 meses para concluir.<\/p>\n<p>&nbsp;<\/p>\n<p>A articula\u00e7\u00e3o da Prefeitura de Penedo com a FRM abre o laborat\u00f3rio da faculdade de inform\u00e1tica para os inscritos terem acesso a computador e internet. O projeto que foca nos micro e pequenos empreendedores tamb\u00e9m prioriza pessoas de baixa renda.<\/p>\n<p>&nbsp;<\/p>\n<p>Al\u00e9m desse espa\u00e7o, a Secretaria Municipal de Desenvolvimento Econ\u00f4mico, Com\u00e9rcio e Ind\u00fastria (Sedecin) utilizar\u00e1 o Centro de Inclus\u00e3o Digital localizado no bairro Santa Luzia como segundo polo das aulas, inclusive com op\u00e7\u00e3o para manh\u00e3, tarde e noite.<\/p>\n<p>&nbsp;<\/p>\n<p>A utiliza\u00e7\u00e3o do espa\u00e7o foi anunciada pelo gestor da Sedecin, Pedro Felipe Queiroz, convicto de que o investimento no povo faz a cidade se desenvolver, tornando a popula\u00e7\u00e3o apta para o mercado do trabalho, ampliando meios de promo\u00e7\u00e3o do conhecimento.<\/p>\n<p>&nbsp;<\/p>\n<p>\u201cN\u00f3s estamos investindo em voc\u00eas, acreditem em seu potencial e quem veio at\u00e9 aqui, j\u00e1 est\u00e1 largando na frente dos outros. Para evoluir, crescer, \u00e9 preciso fazer mais do que a maioria est\u00e1 fazendo, \u00e9 estar disposto a ir al\u00e9m\u201d, disse Pedro Felipe ao p\u00fablico formado, em sua maioria, por jovens.<\/p>\n<p>&nbsp;<\/p>\n<p>Para que a popula\u00e7\u00e3o tomasse conhecimento do Empreende Alagoas, a Prefeitura de Penedo divulgou o prazo de inscri\u00e7\u00f5es em seu portal, nas redes sociais e na m\u00eddia local, gerando pauta para ve\u00edculos como a TV Gazeta, que entrevistou o secret\u00e1rio da Sedecin.<\/p>\n<p>&nbsp;<\/p>\n<p>A assessoria especial da Secretaria de Estado de Desenvolvimento, Ind\u00fastria, Com\u00e9rcio e Servi\u00e7os e gerente do Empreende Alagoas, Patr\u00edcia Ten\u00f3rio, destacou o empenho do governo Ronaldo Lopes, por ter \u2018abra\u00e7ado\u2019 o projeto que pode melhorar a vida das pessoas.<\/p>\n<p>&nbsp;<\/p>\n<p>\u201cAgarrem essa oportunidade e sejam capazes de seguir adiante, n\u00f3s estamos dando a voc\u00eas o direito de aprender a empreender e conhecimento \u00e9 algo que ningu\u00e9m tira de voc\u00ea. Fa\u00e7am dessa oportunidade sua mudan\u00e7a de vida\u201d, disse Patr\u00edcia Ten\u00f3rio, estimulando ainda sobre a premia\u00e7\u00e3o aberta para todos os munic\u00edpios com o projeto iniciado.<\/p>\n<p>&nbsp;<\/p>\n<p>O Empreende Alagoas ir\u00e1 selecionar, com a participa\u00e7\u00e3o da ag\u00eancia de fomento Desenvolve, os dez melhores melhores planos de neg\u00f3cios elaborados no projeto.<\/p>\n<p>&nbsp;<\/p>\n<p>Quem chegar ao final do curso com sua ideia de micro ou pequeno neg\u00f3cio melhor formatada e vi\u00e1vel, receber\u00e1 de quinhentos a tr\u00eas mil reais para dar come\u00e7ar o trabalho que pode fazer a diferen\u00e7a na vida de muitas pessoas.<\/p>\n<p>&nbsp;<\/p>\n<p>&nbsp;<\/p>\n<p><strong>Fonte: Secom PMP<\/strong><\/p>\n<p>&nbsp;<\/p>\n","protected":false},"excerpt":{"rendered":"<p>Mais de 300 pessoas inscritas, dois polos para as aulas, monitores \u00e0 disposi\u00e7\u00e3o e muito empenho envolvido no trabalho que pode transformar a vida de micro e pequenos empreendedores. &nbsp; Em Penedo, \u00e9 assim que come\u00e7a o Empreende Alagoas, superando expectativas do projeto que une os governos estadual e municipal por meio das respectivas secretarias &hellip;<\/p>\n","protected":false},"author":2,"featured_media":27467,"comment_status":"open","ping_status":"open","sticky":false,"template":"","format":"standard","meta":{"_jetpack_memberships_contains_paid_content":false,"footnotes":""},"categories":[1,3],"tags":[],"class_list":["post-27466","post","type-post","status-publish","format-standard","has-post-thumbnail","hentry","category-destaque","category-penedo"],"jetpack_featured_media_url":"https:\/\/www.oparanews.com.br\/wp-content\/uploads\/2023\/03\/penedo-empreender-alagoas-sedecin.jpg","jetpack_sharing_enabled":true,"_links":{"self":[{"href":"https:\/\/www.oparanews.com.br\/index.php\/wp-json\/wp\/v2\/posts\/27466","targetHints":{"allow":["GET"]}}],"collection":[{"href":"https:\/\/www.oparanews.com.br\/index.php\/wp-json\/wp\/v2\/posts"}],"about":[{"href":"https:\/\/www.oparanews.com.br\/index.php\/wp-json\/wp\/v2\/types\/post"}],"author":[{"embeddable":true,"href":"https:\/\/www.oparanews.com.br\/index.php\/wp-json\/wp\/v2\/users\/2"}],"replies":[{"embeddable":true,"href":"https:\/\/www.oparanews.com.br\/index.php\/wp-json\/wp\/v2\/comments?post=27466"}],"version-history":[{"count":1,"href":"https:\/\/www.oparanews.com.br\/index.php\/wp-json\/wp\/v2\/posts\/27466\/revisions"}],"predecessor-version":[{"id":27468,"href":"https:\/\/www.oparanews.com.br\/index.php\/wp-json\/wp\/v2\/posts\/27466\/revisions\/27468"}],"wp:featuredmedia":[{"embeddable":true,"href":"https:\/\/www.oparanews.com.br\/index.php\/wp-json\/wp\/v2\/media\/27467"}],"wp:attachment":[{"href":"https:\/\/www.oparanews.com.br\/index.php\/wp-json\/wp\/v2\/media?parent=27466"}],"wp:term":[{"taxonomy":"category","embeddable":true,"href":"https:\/\/www.oparanews.com.br\/index.php\/wp-json\/wp\/v2\/categories?post=27466"},{"taxonomy":"post_tag","embeddable":true,"href":"https:\/\/www.oparanews.com.br\/index.php\/wp-json\/wp\/v2\/tags?post=27466"}],"curies":[{"name":"wp","href":"https:\/\/api.w.org\/{rel}","templated":true}]}}