{"id":27482,"date":"2023-03-15T07:20:34","date_gmt":"2023-03-15T10:20:34","guid":{"rendered":"https:\/\/www.oparanews.com.br\/?p=27482"},"modified":"2023-03-15T07:20:34","modified_gmt":"2023-03-15T10:20:34","slug":"seguranca-publica-para-a-festa-nautica-penedo-summer-sera-reforcada","status":"publish","type":"post","link":"https:\/\/www.oparanews.com.br\/index.php\/2023\/03\/15\/seguranca-publica-para-a-festa-nautica-penedo-summer-sera-reforcada\/","title":{"rendered":"Seguran\u00e7a p\u00fablica para a festa n\u00e1utica Penedo Summer ser\u00e1 refor\u00e7ada"},"content":{"rendered":"<p>Representantes de setores da Prefeitura de Penedo e da Pol\u00edcia Militar, do Corpo de Bombeiros e da Marinha reuniram-se nesta ter\u00e7a-feira, 14, para alinhar quest\u00f5es relacionadas com a seguran\u00e7a do Penedo Summer, a festa n\u00e1utica que acontece no pr\u00f3ximo dia 02 de abril.<\/p>\n<p>&nbsp;<\/p>\n<p>O evento aberto ao p\u00fablico faz parte do calend\u00e1rio anual da Secretaria Municipal de Cultura, Lazer e Juventude (SEMCLEJ) e ter\u00e1 sua atra\u00e7\u00e3o principal anunciada nesta quarta, 15, pelo Prefeito Ronaldo Lopes, em seu perfil no Instagram.<\/p>\n<p>&nbsp;<\/p>\n<p>Antes da confirma\u00e7\u00e3o sobre quem vai fazer o show no palco instalado numa balsa ancorada no rio S\u00e3o Francisco, \u00e0s margens da Prainha Nova, as embarca\u00e7\u00f5es de m\u00e9dio e pequeno porte de Penedo e Pia\u00e7abu\u00e7u j\u00e1 est\u00e3o quase todas reservadas.<\/p>\n<p><a href=\"http:\/\/www.oparanews.com.br\/wp-content\/uploads\/2023\/03\/reuniao-penedo-summer-festa-nautica-2023-8.jpeg\"><img loading=\"lazy\" decoding=\"async\" class=\"aligncenter size-full wp-image-27485\" src=\"http:\/\/www.oparanews.com.br\/wp-content\/uploads\/2023\/03\/reuniao-penedo-summer-festa-nautica-2023-8.jpeg\" alt=\"\" width=\"1600\" height=\"1066\" srcset=\"https:\/\/www.oparanews.com.br\/wp-content\/uploads\/2023\/03\/reuniao-penedo-summer-festa-nautica-2023-8.jpeg 1600w, https:\/\/www.oparanews.com.br\/wp-content\/uploads\/2023\/03\/reuniao-penedo-summer-festa-nautica-2023-8-300x200.jpeg 300w, https:\/\/www.oparanews.com.br\/wp-content\/uploads\/2023\/03\/reuniao-penedo-summer-festa-nautica-2023-8-1024x682.jpeg 1024w, https:\/\/www.oparanews.com.br\/wp-content\/uploads\/2023\/03\/reuniao-penedo-summer-festa-nautica-2023-8-768x512.jpeg 768w, https:\/\/www.oparanews.com.br\/wp-content\/uploads\/2023\/03\/reuniao-penedo-summer-festa-nautica-2023-8-1536x1023.jpeg 1536w\" sizes=\"auto, (max-width: 1600px) 100vw, 1600px\" \/><\/a><\/p>\n<p>A informa\u00e7\u00e3o \u00e9 do empres\u00e1rio Fernando Regueira, que tamb\u00e9m participou do encontro no audit\u00f3rio da Casa de Aposentadoria. Membros da Soamar (Sociedade Amigos da Marinha) tamb\u00e9m estiveram na reuni\u00e3o coordenada por Teresa Machada, gestora da SEMCLEJ.<\/p>\n<p>&nbsp;<\/p>\n<p>A expectativa sobre a presen\u00e7a de grande p\u00fablico no Penedo Summer exige a ado\u00e7\u00e3o de medidas, entre elas o refor\u00e7o no efetivo das for\u00e7as de seguran\u00e7a, assegurado pelos oficiais durante o encontro.<\/p>\n<p>&nbsp;<\/p>\n<p>Tamb\u00e9m j\u00e1 est\u00e1 definido que o embarque e o desembarque das embarca\u00e7\u00f5es ser\u00e1 feito na Marina P\u00fablica do bairro Santo Ant\u00f4nio, assim como a proibi\u00e7\u00e3o da venda de bebidas em garrafas de vidro e de espetinho para churrasco dentro do local do evento.<\/p>\n<p><a href=\"http:\/\/www.oparanews.com.br\/wp-content\/uploads\/2023\/03\/penedo-nautico-2019.jpg\"><img loading=\"lazy\" decoding=\"async\" class=\"aligncenter size-full wp-image-27483\" src=\"http:\/\/www.oparanews.com.br\/wp-content\/uploads\/2023\/03\/penedo-nautico-2019.jpg\" alt=\"\" width=\"1152\" height=\"768\" srcset=\"https:\/\/www.oparanews.com.br\/wp-content\/uploads\/2023\/03\/penedo-nautico-2019.jpg 1152w, https:\/\/www.oparanews.com.br\/wp-content\/uploads\/2023\/03\/penedo-nautico-2019-300x200.jpg 300w, https:\/\/www.oparanews.com.br\/wp-content\/uploads\/2023\/03\/penedo-nautico-2019-1024x683.jpg 1024w, https:\/\/www.oparanews.com.br\/wp-content\/uploads\/2023\/03\/penedo-nautico-2019-768x512.jpg 768w\" sizes=\"auto, (max-width: 1152px) 100vw, 1152px\" \/><\/a><\/p>\n<p>Al\u00e9m do show no rio S\u00e3o Francisco no per\u00edodo da tarde, at\u00e9 as 17 horas, o p\u00fablico do Penedo Summer vai curtir o p\u00f4r do sol ao som das atra\u00e7\u00f5es que tocar\u00e3o no palco montado entre o estacionamento da Prainha e a \u00e1rea da Prainha Nova, com toda \u00e1rea do evento fechada e realiza\u00e7\u00e3o de revista das pessoas no ponto de acesso.<\/p>\n<p>&nbsp;<\/p>\n<p>Vale lembrar que o prazo para cadastramento para ambulantes ainda ser\u00e1 definido e que ser\u00e1 permitido entrar na arena dos shows com caixa t\u00e9rmica contendo bebidas em lata ou garrafa PET.<\/p>\n<p>&nbsp;<\/p>\n<p>&nbsp;<\/p>\n<p>&nbsp;<\/p>\n<p><strong>Fonte: Secom PMP<\/strong><\/p>\n<p>&nbsp;<\/p>\n","protected":false},"excerpt":{"rendered":"<p>Representantes de setores da Prefeitura de Penedo e da Pol\u00edcia Militar, do Corpo de Bombeiros e da Marinha reuniram-se nesta ter\u00e7a-feira, 14, para alinhar quest\u00f5es relacionadas com a seguran\u00e7a do Penedo Summer, a festa n\u00e1utica que acontece no pr\u00f3ximo dia 02 de abril. &nbsp; O evento aberto ao p\u00fablico faz parte do calend\u00e1rio anual da &hellip;<\/p>\n","protected":false},"author":2,"featured_media":27484,"comment_status":"open","ping_status":"open","sticky":false,"template":"","format":"standard","meta":{"_jetpack_memberships_contains_paid_content":false,"footnotes":""},"categories":[1,3],"tags":[],"class_list":["post-27482","post","type-post","status-publish","format-standard","has-post-thumbnail","hentry","category-destaque","category-penedo"],"jetpack_featured_media_url":"https:\/\/www.oparanews.com.br\/wp-content\/uploads\/2023\/03\/reuniao-penedo-summer-festa-nautica-2023.jpg","jetpack_sharing_enabled":true,"_links":{"self":[{"href":"https:\/\/www.oparanews.com.br\/index.php\/wp-json\/wp\/v2\/posts\/27482","targetHints":{"allow":["GET"]}}],"collection":[{"href":"https:\/\/www.oparanews.com.br\/index.php\/wp-json\/wp\/v2\/posts"}],"about":[{"href":"https:\/\/www.oparanews.com.br\/index.php\/wp-json\/wp\/v2\/types\/post"}],"author":[{"embeddable":true,"href":"https:\/\/www.oparanews.com.br\/index.php\/wp-json\/wp\/v2\/users\/2"}],"replies":[{"embeddable":true,"href":"https:\/\/www.oparanews.com.br\/index.php\/wp-json\/wp\/v2\/comments?post=27482"}],"version-history":[{"count":1,"href":"https:\/\/www.oparanews.com.br\/index.php\/wp-json\/wp\/v2\/posts\/27482\/revisions"}],"predecessor-version":[{"id":27486,"href":"https:\/\/www.oparanews.com.br\/index.php\/wp-json\/wp\/v2\/posts\/27482\/revisions\/27486"}],"wp:featuredmedia":[{"embeddable":true,"href":"https:\/\/www.oparanews.com.br\/index.php\/wp-json\/wp\/v2\/media\/27484"}],"wp:attachment":[{"href":"https:\/\/www.oparanews.com.br\/index.php\/wp-json\/wp\/v2\/media?parent=27482"}],"wp:term":[{"taxonomy":"category","embeddable":true,"href":"https:\/\/www.oparanews.com.br\/index.php\/wp-json\/wp\/v2\/categories?post=27482"},{"taxonomy":"post_tag","embeddable":true,"href":"https:\/\/www.oparanews.com.br\/index.php\/wp-json\/wp\/v2\/tags?post=27482"}],"curies":[{"name":"wp","href":"https:\/\/api.w.org\/{rel}","templated":true}]}}