{"id":27499,"date":"2023-03-17T10:45:16","date_gmt":"2023-03-17T13:45:16","guid":{"rendered":"https:\/\/www.oparanews.com.br\/?p=27499"},"modified":"2023-03-17T10:45:16","modified_gmt":"2023-03-17T13:45:16","slug":"adolescentes-negociam-cavalo-abandonam-animal-e-sao-detidos-pela-policia-em-penedo","status":"publish","type":"post","link":"https:\/\/www.oparanews.com.br\/index.php\/2023\/03\/17\/adolescentes-negociam-cavalo-abandonam-animal-e-sao-detidos-pela-policia-em-penedo\/","title":{"rendered":"Adolescentes negociam cavalo, abandonam animal e s\u00e3o detidos pela pol\u00edcia em Penedo"},"content":{"rendered":"<p>Tr\u00eas adolescentes foram parar na delegacia ap\u00f3s negociar a compra de um cavalo e abandonar o animal, sem \u00e1gua e sem comida, em Penedo, interior de Alagoas. O caso foi registrado na delegacia da cidade nesta quinta-feira (16). Os adolescentes, dois com 12 anos e outro de 14, foram ouvidos pela pol\u00edcia, na companhia dos respons\u00e1veis, e liberados em seguida. Eles cometeram ato infracional de maus-tratos.<\/p>\n<p>&nbsp;<\/p>\n<p>Segundo o chefe de opera\u00e7\u00f5es da Delegacia Regional de Penedo, Welber Cardoso, tudo come\u00e7ou porque um dos meninos, de 12 anos, queria participar de uma cavalgada na regi\u00e3o, mas n\u00e3o tinha cavalo. Ele ent\u00e3o pegou escondido da m\u00e3e a quantia de mil reais e comprou o cavalo de um colega, de 14 anos.<\/p>\n<p>&nbsp;<\/p>\n<p>&#8220;Esse menor empregou o dinheiro da seguinte forma: pagou R$ 700 pela compra do cavalo a outro menor, de 14 anos, e o restante, os R$ 300 gastou na cavalgada&#8221;, explicou Welber.<\/p>\n<p>&nbsp;<\/p>\n<p>Depois de participar do evento, o adolescente ficou sem saber o que fazer com o animal porque n\u00e3o tinha onde guard\u00e1-lo sem que a m\u00e3e soubesse o que tinha feito. Ele ent\u00e3o decidiu entregar o cavalo para um amigo, da mesma idade, que aceitou mas tamb\u00e9m n\u00e3o tinha onde deix\u00e1-lo. Ele ent\u00e3o amarrou o cavalo a uma \u00e1rvore em local aberto.<\/p>\n<p>&nbsp;<\/p>\n<p>A pol\u00edcia recebeu a den\u00fancia de que havia um cavalo amarrado h\u00e1 10 dias, sem \u00e1gua nem comida, o que configurou o crime de maus-tratos. Uma equipe foi at\u00e9 o local indicado e constatou o fato. A partir da\u00ed, as investiga\u00e7\u00f5es come\u00e7aram e os policiais chegaram at\u00e9 os adolescentes.<\/p>\n<p>&nbsp;<\/p>\n<p>&#8220;N\u00f3s ouvimos os adolescentes na delegacia na presen\u00e7a dos seus respons\u00e1veis. Eles cometeram ato infracional an\u00e1logo a abandono de animal, o que configura maus-tratos. Em seguida, foram liberados&#8221;, disse o chefe de opera\u00e7\u00f5es.<\/p>\n<p>&nbsp;<\/p>\n<p>&nbsp;<\/p>\n<p>&nbsp;<\/p>\n<p><strong>por Heliana Gon\u00e7alves, g1 AL<\/strong><\/p>\n<p>&nbsp;<\/p>\n","protected":false},"excerpt":{"rendered":"<p>Tr\u00eas adolescentes foram parar na delegacia ap\u00f3s negociar a compra de um cavalo e abandonar o animal, sem \u00e1gua e sem comida, em Penedo, interior de Alagoas. O caso foi registrado na delegacia da cidade nesta quinta-feira (16). Os adolescentes, dois com 12 anos e outro de 14, foram ouvidos pela pol\u00edcia, na companhia dos &hellip;<\/p>\n","protected":false},"author":2,"featured_media":27500,"comment_status":"open","ping_status":"open","sticky":false,"template":"","format":"standard","meta":{"_jetpack_memberships_contains_paid_content":false,"footnotes":""},"categories":[1,3],"tags":[],"class_list":["post-27499","post","type-post","status-publish","format-standard","has-post-thumbnail","hentry","category-destaque","category-penedo"],"jetpack_featured_media_url":"https:\/\/www.oparanews.com.br\/wp-content\/uploads\/2023\/03\/whatsapp-image-2023-02-16-at-08.30.32.webp","jetpack_sharing_enabled":true,"_links":{"self":[{"href":"https:\/\/www.oparanews.com.br\/index.php\/wp-json\/wp\/v2\/posts\/27499","targetHints":{"allow":["GET"]}}],"collection":[{"href":"https:\/\/www.oparanews.com.br\/index.php\/wp-json\/wp\/v2\/posts"}],"about":[{"href":"https:\/\/www.oparanews.com.br\/index.php\/wp-json\/wp\/v2\/types\/post"}],"author":[{"embeddable":true,"href":"https:\/\/www.oparanews.com.br\/index.php\/wp-json\/wp\/v2\/users\/2"}],"replies":[{"embeddable":true,"href":"https:\/\/www.oparanews.com.br\/index.php\/wp-json\/wp\/v2\/comments?post=27499"}],"version-history":[{"count":1,"href":"https:\/\/www.oparanews.com.br\/index.php\/wp-json\/wp\/v2\/posts\/27499\/revisions"}],"predecessor-version":[{"id":27501,"href":"https:\/\/www.oparanews.com.br\/index.php\/wp-json\/wp\/v2\/posts\/27499\/revisions\/27501"}],"wp:featuredmedia":[{"embeddable":true,"href":"https:\/\/www.oparanews.com.br\/index.php\/wp-json\/wp\/v2\/media\/27500"}],"wp:attachment":[{"href":"https:\/\/www.oparanews.com.br\/index.php\/wp-json\/wp\/v2\/media?parent=27499"}],"wp:term":[{"taxonomy":"category","embeddable":true,"href":"https:\/\/www.oparanews.com.br\/index.php\/wp-json\/wp\/v2\/categories?post=27499"},{"taxonomy":"post_tag","embeddable":true,"href":"https:\/\/www.oparanews.com.br\/index.php\/wp-json\/wp\/v2\/tags?post=27499"}],"curies":[{"name":"wp","href":"https:\/\/api.w.org\/{rel}","templated":true}]}}