{"id":27518,"date":"2023-03-19T15:10:59","date_gmt":"2023-03-19T18:10:59","guid":{"rendered":"https:\/\/www.oparanews.com.br\/?p=27518"},"modified":"2023-03-19T15:10:59","modified_gmt":"2023-03-19T18:10:59","slug":"servidor-publico-da-prefeitura-de-penedo-e-morto-por-dupla-armada","status":"publish","type":"post","link":"https:\/\/www.oparanews.com.br\/index.php\/2023\/03\/19\/servidor-publico-da-prefeitura-de-penedo-e-morto-por-dupla-armada\/","title":{"rendered":"Servidor p\u00fablico da Prefeitura de Penedo \u00e9 morto por dupla armada"},"content":{"rendered":"<p>Um funcion\u00e1rio p\u00fablico da Prefeitura de Penedo foi atingido por diversos disparos de arma de fogo na noite desse s\u00e1bado (18), dentro de um bar de sua propriedade, situado na Avenida Beira Rio, no centro de Penedo, regi\u00e3o do Baixo S\u00e3o Francisco. A v\u00edtima chegou a ser socorrida \u00e0 Unidade de Pronto Atendimento (UPA) do munic\u00edpio, mas n\u00e3o resistiu aos ferimentos.<\/p>\n<p>&nbsp;<\/p>\n<p>Segundo informa\u00e7\u00f5es colhidas pela Gazetaweb, junto \u00e0 assessoria de comunica\u00e7\u00e3o da prefeitura e ao 11\u00ba Batalh\u00e3o da Pol\u00edcia Militar, a v\u00edtima &#8211; identificada como Wagner Nunes dos Santos, de 43 anos, &#8211; trabalhava no estabelecimento, quando foi surpreendida com a chegada de dois homens em um ve\u00edculo de cor branca e placa n\u00e3o informada.<\/p>\n<p>&nbsp;<\/p>\n<p>Logo em seguida, a dupla se aproximou de Wagner, no momento que havia certa quantidade de clientes, e efetuou de 8 a 9 disparos que atingiram v\u00e1rias regi\u00f5es do corpo. Ap\u00f3s a a\u00e7\u00e3o, eles fugiram com destino ignorado. Os criminosos n\u00e3o foram identificados at\u00e9 o momento.<\/p>\n<p>&nbsp;<\/p>\n<p>Waguinho, como era conhecido, foi levado por populares \u00e0 UPA da cidade, mas n\u00e3o resistiu e veio a \u00f3bito, antes mesmo de ser transferido para Arapiraca.<\/p>\n<p>&nbsp;<\/p>\n<p><strong>ATUANTE NA REGI\u00c3O<\/strong><\/p>\n<p>&nbsp;<\/p>\n<p>A assessoria de comunica\u00e7\u00e3o da prefeitura informou que Wagner trabalhava como servidor comissionado dos quadros da Secretaria de Servi\u00e7os P\u00fablicos, onde era bastante atuante e querido por todos. Al\u00e9m disso, era l\u00edder comunit\u00e1rio da regi\u00e3o.<\/p>\n<p>&nbsp;<\/p>\n<p>&#8220;Ele era uma pessoa fant\u00e1stica, sem hist\u00f3rico de drogas, viol\u00eancia, inimizades. Fazia seu trabalho, seja na prefeitura, no bar ou na comunidade, de forma brilhante. Realmente, \u00e9 uma grande perda&#8221;, informou a assessoria.<\/p>\n<p>&nbsp;<\/p>\n<p><strong>MOTIVA\u00c7\u00c3O<\/strong><\/p>\n<p>&nbsp;<\/p>\n<p>Questionada sobre a poss\u00edvel causa do crime, a assessoria da prefeitura se limitou a dizer que foi uma clara execu\u00e7\u00e3o, mas n\u00e3o soube informar o real motivo.<\/p>\n<p>&nbsp;<\/p>\n<p>Por sua vez, informa\u00e7\u00f5es extraoficiais d\u00e3o conta de que a v\u00edtima n\u00e3o era o alvo dos criminosos, e sim, o filho de Wagner, que j\u00e1 teria se envolvido em uma tentativa de homic\u00eddio na regi\u00e3o.<\/p>\n<p>&nbsp;<\/p>\n<p><strong>CONFIRA, NA \u00cdNTEGRA, NOTA DA PREFEITURA<\/strong><\/p>\n<p><em>A Prefeitura de Penedo, por meio da Secretaria Municipal de Servi\u00e7os P\u00fablicos, lamenta o falecimento do servidor Wagner Nunes. A administra\u00e7\u00e3o municipal se solidariza com a fam\u00edlia, colegas de trabalho e amigos. Que todos n\u00f3s possamos encontrar for\u00e7as e consolo para esse momento de dor!<\/em><\/p>\n<p>&nbsp;<\/p>\n<p>&nbsp;<\/p>\n<p>&nbsp;<\/p>\n<p><strong>Fonte: Gazetaweb<\/strong><\/p>\n<p>&nbsp;<\/p>\n","protected":false},"excerpt":{"rendered":"<p>Um funcion\u00e1rio p\u00fablico da Prefeitura de Penedo foi atingido por diversos disparos de arma de fogo na noite desse s\u00e1bado (18), dentro de um bar de sua propriedade, situado na Avenida Beira Rio, no centro de Penedo, regi\u00e3o do Baixo S\u00e3o Francisco. A v\u00edtima chegou a ser socorrida \u00e0 Unidade de Pronto Atendimento (UPA) do &hellip;<\/p>\n","protected":false},"author":2,"featured_media":27519,"comment_status":"open","ping_status":"open","sticky":false,"template":"","format":"standard","meta":{"_jetpack_memberships_contains_paid_content":false,"footnotes":""},"categories":[1,3],"tags":[],"class_list":["post-27518","post","type-post","status-publish","format-standard","has-post-thumbnail","hentry","category-destaque","category-penedo"],"jetpack_featured_media_url":"https:\/\/www.oparanews.com.br\/wp-content\/uploads\/2023\/03\/22_XM2bFHz.jpg","jetpack_sharing_enabled":true,"_links":{"self":[{"href":"https:\/\/www.oparanews.com.br\/index.php\/wp-json\/wp\/v2\/posts\/27518","targetHints":{"allow":["GET"]}}],"collection":[{"href":"https:\/\/www.oparanews.com.br\/index.php\/wp-json\/wp\/v2\/posts"}],"about":[{"href":"https:\/\/www.oparanews.com.br\/index.php\/wp-json\/wp\/v2\/types\/post"}],"author":[{"embeddable":true,"href":"https:\/\/www.oparanews.com.br\/index.php\/wp-json\/wp\/v2\/users\/2"}],"replies":[{"embeddable":true,"href":"https:\/\/www.oparanews.com.br\/index.php\/wp-json\/wp\/v2\/comments?post=27518"}],"version-history":[{"count":1,"href":"https:\/\/www.oparanews.com.br\/index.php\/wp-json\/wp\/v2\/posts\/27518\/revisions"}],"predecessor-version":[{"id":27520,"href":"https:\/\/www.oparanews.com.br\/index.php\/wp-json\/wp\/v2\/posts\/27518\/revisions\/27520"}],"wp:featuredmedia":[{"embeddable":true,"href":"https:\/\/www.oparanews.com.br\/index.php\/wp-json\/wp\/v2\/media\/27519"}],"wp:attachment":[{"href":"https:\/\/www.oparanews.com.br\/index.php\/wp-json\/wp\/v2\/media?parent=27518"}],"wp:term":[{"taxonomy":"category","embeddable":true,"href":"https:\/\/www.oparanews.com.br\/index.php\/wp-json\/wp\/v2\/categories?post=27518"},{"taxonomy":"post_tag","embeddable":true,"href":"https:\/\/www.oparanews.com.br\/index.php\/wp-json\/wp\/v2\/tags?post=27518"}],"curies":[{"name":"wp","href":"https:\/\/api.w.org\/{rel}","templated":true}]}}