{"id":27535,"date":"2023-03-21T12:16:11","date_gmt":"2023-03-21T15:16:11","guid":{"rendered":"https:\/\/www.oparanews.com.br\/?p=27535"},"modified":"2023-03-21T12:16:11","modified_gmt":"2023-03-21T15:16:11","slug":"semana-da-prevencao-da-gravidez-na-adolescencia-comeca-em-penedo-com-palestras-em-escola","status":"publish","type":"post","link":"https:\/\/www.oparanews.com.br\/index.php\/2023\/03\/21\/semana-da-prevencao-da-gravidez-na-adolescencia-comeca-em-penedo-com-palestras-em-escola\/","title":{"rendered":"Semana da Preven\u00e7\u00e3o da Gravidez na Adolesc\u00eancia come\u00e7a em Penedo com palestras em escola"},"content":{"rendered":"<p>A Secretaria Municipal de Sa\u00fade (SEMS) est\u00e1 orientando estudantes das escolas de Penedo sobre a Preven\u00e7\u00e3o da Gravidez na Adolesc\u00eancia, campanha educativa de \u00e2mbito nacional que tamb\u00e9m orienta sobre medidas para diminuir a incid\u00eancia da gravidez precoce.<\/p>\n<p>&nbsp;<\/p>\n<p>De acordo com a Organiza\u00e7\u00e3o Mundial da Sa\u00fade (OMS), a gesta\u00e7\u00e3o nesta faixa et\u00e1ria pode causar complica\u00e7\u00f5es maternas, fetais e neonatais, e trazer danos para a m\u00e3e e ao beb\u00ea.<\/p>\n<p>&nbsp;<\/p>\n<p>\u201cA adolesc\u00eancia n\u00e3o \u00e9 um momento para a gesta\u00e7\u00e3o porque existem v\u00e1rios fatores de risco para a m\u00e3e e o beb\u00ea. E durante toda essa semana n\u00f3s vamos apresentar esse alerta, acrescentando informa\u00e7\u00f5es sobre m\u00e9todos contraceptivos e que a preven\u00e7\u00e3o \u00e9 muito importante para evitar uma gravidez indesejada\u201d, afirma a enfermeira Marcela Nunes Costa Lopes.<\/p>\n<p>&nbsp;<\/p>\n<p>O trabalho de orienta\u00e7\u00e3o da Secretaria Municipal de Sa\u00fade teve in\u00edcio nesta segunda-feira, 20, para alunos e alunas da Escola Estadual Jo\u00e3o Valeriano, com informa\u00e7\u00f5es da equipe da Unidade de Sa\u00fade da Fam\u00edlia do Gabriel 04.<\/p>\n<p>&nbsp;<\/p>\n<p>Al\u00e9m das unidades de ensino, as informa\u00e7\u00f5es sobre preven\u00e7\u00e3o da gravidez na adolesc\u00eancia tamb\u00e9m acontece nos postos de sa\u00fade da SEMS, cronograma cujo calend\u00e1rio est\u00e1 abaixo da not\u00edcia.<\/p>\n<p>&nbsp;<\/p>\n<p>\u201cTratar a gravidez na adolesc\u00eancia sob uma perspectiva preventiva e de aten\u00e7\u00e3o integral aos adolescentes proporciona o exerc\u00edcio da vida sexual e reprodutiva, com base em valores e comportamentos respons\u00e1veis. S\u00e3o diversos fatores que concorrem para a gesta\u00e7\u00e3o na adolesc\u00eancia, no entanto, a desinforma\u00e7\u00e3o e o uso inadequado de contraceptivos s\u00e3o os principais motivos\u201d, explica diretora de Aten\u00e7\u00e3o Prim\u00e1ria da SEMS, Monike Souza Nunes Damasceno.<\/p>\n<p>&nbsp;<\/p>\n<p><strong>Cronograma da Semana da Preven\u00e7\u00e3o da Gravidez na Adolesc\u00eancia em Penedo<\/strong><\/p>\n<p>&nbsp;<\/p>\n<p><strong>Dia 20<\/strong> \u2013 Escola Estadual Jo\u00e3o Valeriano<\/p>\n<p><strong>Dia 21<\/strong> \u2013 Posto de sa\u00fade Palmeira Alta<\/p>\n<p><strong>Dia 22<\/strong> \u2013 Posto do Centro, Oiteiro, Raimundinho, Cohab, Sesi e Escolas Municipais Irm\u00e3 Jolenta, Santa Luzia e Costa Mangabeiras<\/p>\n<p><strong>Dia 23\/03<\/strong> \u2013 Posto de sa\u00fade Jos\u00e9 Edileno, Conjunto Rosete Andrade, Loteamento S\u00e3o Jos\u00e9, bairro Santo Ant\u00f4nio; povoados Ponta Mofina e Santa Margarida; Escolas Municipais Manoel Soares, Professor Wilton Lucena, Hanna Bertoleth e Escola Estadual Alcides Andrade<\/p>\n<p><strong>Dia 24<\/strong> \u2013 Posto de sa\u00fade do bairro Vit\u00f3ria e povoado Cooperativa, na Escola Municipal Paulo VI, e encerramento na Escola Estadual Comendador Jos\u00e9 da Silva Peixoto<\/p>\n<p>&nbsp;<\/p>\n<p>&nbsp;<\/p>\n<p>&nbsp;<\/p>\n<p><strong>por Gabriela Flores\/jornalista e social media da SEMS Penedo<\/strong><\/p>\n<p>&nbsp;<\/p>\n","protected":false},"excerpt":{"rendered":"<p>A Secretaria Municipal de Sa\u00fade (SEMS) est\u00e1 orientando estudantes das escolas de Penedo sobre a Preven\u00e7\u00e3o da Gravidez na Adolesc\u00eancia, campanha educativa de \u00e2mbito nacional que tamb\u00e9m orienta sobre medidas para diminuir a incid\u00eancia da gravidez precoce. &nbsp; De acordo com a Organiza\u00e7\u00e3o Mundial da Sa\u00fade (OMS), a gesta\u00e7\u00e3o nesta faixa et\u00e1ria pode causar complica\u00e7\u00f5es &hellip;<\/p>\n","protected":false},"author":2,"featured_media":27536,"comment_status":"open","ping_status":"open","sticky":false,"template":"","format":"standard","meta":{"_jetpack_memberships_contains_paid_content":false,"footnotes":""},"categories":[1,3],"tags":[],"class_list":["post-27535","post","type-post","status-publish","format-standard","has-post-thumbnail","hentry","category-destaque","category-penedo"],"jetpack_featured_media_url":"https:\/\/www.oparanews.com.br\/wp-content\/uploads\/2023\/03\/prevencao-gravidez-penedo-sems-7-1068x712-1.jpeg","jetpack_sharing_enabled":true,"_links":{"self":[{"href":"https:\/\/www.oparanews.com.br\/index.php\/wp-json\/wp\/v2\/posts\/27535","targetHints":{"allow":["GET"]}}],"collection":[{"href":"https:\/\/www.oparanews.com.br\/index.php\/wp-json\/wp\/v2\/posts"}],"about":[{"href":"https:\/\/www.oparanews.com.br\/index.php\/wp-json\/wp\/v2\/types\/post"}],"author":[{"embeddable":true,"href":"https:\/\/www.oparanews.com.br\/index.php\/wp-json\/wp\/v2\/users\/2"}],"replies":[{"embeddable":true,"href":"https:\/\/www.oparanews.com.br\/index.php\/wp-json\/wp\/v2\/comments?post=27535"}],"version-history":[{"count":1,"href":"https:\/\/www.oparanews.com.br\/index.php\/wp-json\/wp\/v2\/posts\/27535\/revisions"}],"predecessor-version":[{"id":27537,"href":"https:\/\/www.oparanews.com.br\/index.php\/wp-json\/wp\/v2\/posts\/27535\/revisions\/27537"}],"wp:featuredmedia":[{"embeddable":true,"href":"https:\/\/www.oparanews.com.br\/index.php\/wp-json\/wp\/v2\/media\/27536"}],"wp:attachment":[{"href":"https:\/\/www.oparanews.com.br\/index.php\/wp-json\/wp\/v2\/media?parent=27535"}],"wp:term":[{"taxonomy":"category","embeddable":true,"href":"https:\/\/www.oparanews.com.br\/index.php\/wp-json\/wp\/v2\/categories?post=27535"},{"taxonomy":"post_tag","embeddable":true,"href":"https:\/\/www.oparanews.com.br\/index.php\/wp-json\/wp\/v2\/tags?post=27535"}],"curies":[{"name":"wp","href":"https:\/\/api.w.org\/{rel}","templated":true}]}}