{"id":27574,"date":"2023-03-24T07:38:48","date_gmt":"2023-03-24T10:38:48","guid":{"rendered":"https:\/\/www.oparanews.com.br\/?p=27574"},"modified":"2023-03-24T07:38:48","modified_gmt":"2023-03-24T10:38:48","slug":"estudantes-de-escolas-da-prefeitura-de-penedo-recebem-fardamento-e-material-didatico","status":"publish","type":"post","link":"https:\/\/www.oparanews.com.br\/index.php\/2023\/03\/24\/estudantes-de-escolas-da-prefeitura-de-penedo-recebem-fardamento-e-material-didatico\/","title":{"rendered":"Estudantes de escolas da Prefeitura de Penedo recebem fardamento e material did\u00e1tico"},"content":{"rendered":"<p>Alunos e alunas da rede p\u00fablica municipal de Penedo j\u00e1 receberam do governo Ronaldo Lopes os livros do ano letivo 2023. Al\u00e9m de fornecer material did\u00e1tico sem custo para as fam\u00edlias de estudantes que s\u00e3o, em sua maioria, pessoas de baixa renda, a gest\u00e3o que melhor cuida do povo de Penedo inicia a entrega do fardamento.<\/p>\n<p>&nbsp;<\/p>\n<p>A distribui\u00e7\u00e3o das novas fardas come\u00e7ou nesta quinta-feira, 23, na Escola Professor Douglas Apratto Ten\u00f3rio, unidade de ensino da Secretaria Municipal de Educa\u00e7\u00e3o (Semed) com cerca de 320 estudantes matriculados, praticamente 100 a mais do que ano passado.<\/p>\n<p>&nbsp;<\/p>\n<p>O avan\u00e7o na inclus\u00e3o de crian\u00e7as, adolescentes, jovens e adultos em toda a rede da Semed \u00e9 uma determina\u00e7\u00e3o do Prefeito Ronaldo Lopes com resultados incontest\u00e1veis.<\/p>\n<p>&nbsp;<\/p>\n<p>Em 2023, j\u00e1 s\u00e3o mais de nove mil matr\u00edculas registradas, um recorde na hist\u00f3ria da Prefeitura de Penedo.<\/p>\n<p>&nbsp;<\/p>\n<p>Gestor comprometido com o desenvolvimento do povo penedense, Ronaldo Lopes esteve na Escola Douglas Apratto para participar da entrega do fardamento, recebendo o carinho da crian\u00e7ada.<\/p>\n<p>&nbsp;<\/p>\n<p>O Secret\u00e1rio de Educa\u00e7\u00e3o Luciano Lucena tamb\u00e9m acompanhou a agenda de trabalho e informou que a distribui\u00e7\u00e3o das fardas continua na pr\u00f3xima semana, seguindo cronograma que ser\u00e1 divulgado nas redes sociais da Prefeitura de Penedo e da Semed.<\/p>\n<p>&nbsp;<\/p>\n<p>&nbsp;<\/p>\n<p>&nbsp;<\/p>\n<p>&nbsp;<\/p>\n<p><strong>Fonte: Secom PMP<\/strong><\/p>\n<p>&nbsp;<\/p>\n","protected":false},"excerpt":{"rendered":"<p>Alunos e alunas da rede p\u00fablica municipal de Penedo j\u00e1 receberam do governo Ronaldo Lopes os livros do ano letivo 2023. Al\u00e9m de fornecer material did\u00e1tico sem custo para as fam\u00edlias de estudantes que s\u00e3o, em sua maioria, pessoas de baixa renda, a gest\u00e3o que melhor cuida do povo de Penedo inicia a entrega do &hellip;<\/p>\n","protected":false},"author":2,"featured_media":27575,"comment_status":"open","ping_status":"open","sticky":false,"template":"","format":"standard","meta":{"_jetpack_memberships_contains_paid_content":false,"footnotes":""},"categories":[1,3],"tags":[],"class_list":["post-27574","post","type-post","status-publish","format-standard","has-post-thumbnail","hentry","category-destaque","category-penedo"],"jetpack_featured_media_url":"https:\/\/www.oparanews.com.br\/wp-content\/uploads\/2023\/03\/farda-nova-escola-douglas-apratto-semed-penedo-22.jpg","jetpack_sharing_enabled":true,"_links":{"self":[{"href":"https:\/\/www.oparanews.com.br\/index.php\/wp-json\/wp\/v2\/posts\/27574","targetHints":{"allow":["GET"]}}],"collection":[{"href":"https:\/\/www.oparanews.com.br\/index.php\/wp-json\/wp\/v2\/posts"}],"about":[{"href":"https:\/\/www.oparanews.com.br\/index.php\/wp-json\/wp\/v2\/types\/post"}],"author":[{"embeddable":true,"href":"https:\/\/www.oparanews.com.br\/index.php\/wp-json\/wp\/v2\/users\/2"}],"replies":[{"embeddable":true,"href":"https:\/\/www.oparanews.com.br\/index.php\/wp-json\/wp\/v2\/comments?post=27574"}],"version-history":[{"count":1,"href":"https:\/\/www.oparanews.com.br\/index.php\/wp-json\/wp\/v2\/posts\/27574\/revisions"}],"predecessor-version":[{"id":27576,"href":"https:\/\/www.oparanews.com.br\/index.php\/wp-json\/wp\/v2\/posts\/27574\/revisions\/27576"}],"wp:featuredmedia":[{"embeddable":true,"href":"https:\/\/www.oparanews.com.br\/index.php\/wp-json\/wp\/v2\/media\/27575"}],"wp:attachment":[{"href":"https:\/\/www.oparanews.com.br\/index.php\/wp-json\/wp\/v2\/media?parent=27574"}],"wp:term":[{"taxonomy":"category","embeddable":true,"href":"https:\/\/www.oparanews.com.br\/index.php\/wp-json\/wp\/v2\/categories?post=27574"},{"taxonomy":"post_tag","embeddable":true,"href":"https:\/\/www.oparanews.com.br\/index.php\/wp-json\/wp\/v2\/tags?post=27574"}],"curies":[{"name":"wp","href":"https:\/\/api.w.org\/{rel}","templated":true}]}}