{"id":27581,"date":"2023-03-24T21:57:59","date_gmt":"2023-03-25T00:57:59","guid":{"rendered":"https:\/\/www.oparanews.com.br\/?p=27581"},"modified":"2023-03-24T22:05:39","modified_gmt":"2023-03-25T01:05:39","slug":"prefeito-ronaldo-lopes-anuncia-a-recuperacao-do-maior-posto-de-saude-de-penedo","status":"publish","type":"post","link":"https:\/\/www.oparanews.com.br\/index.php\/2023\/03\/24\/prefeito-ronaldo-lopes-anuncia-a-recuperacao-do-maior-posto-de-saude-de-penedo\/","title":{"rendered":"Prefeito Ronaldo Lopes anuncia a recupera\u00e7\u00e3o do maior posto de sa\u00fade de Penedo"},"content":{"rendered":"<p>O governo Ronaldo Lopes investe recursos pr\u00f3prios da Prefeitura de Penedo para recuperar a Unidade B\u00e1sica de S\u00e1ude (UBS) Dr. Alcides Andrade, mais conhecida como posto do Sesi, o maior da rede da Secretaria Municipal de Sa\u00fade (SEMS).<\/p>\n<p>&nbsp;<\/p>\n<p>O im\u00f3vel que ser\u00e1 praticamente reconstru\u00eddo foi interditado em setembro de 2017 devido a problemas em sua estrutura.<\/p>\n<p>&nbsp;<\/p>\n<p>Para que a equipe de trabalho da UBS do Sesi e a popula\u00e7\u00e3o dos bairros Santa Izabel e Santa Cec\u00edlia, do Loteamento Jardim Am\u00e9rica e das localidades Campo Redondo e Assentamento S\u00e3o Jos\u00e9 disponham de espa\u00e7o adequado, a obra de recupera\u00e7\u00e3o do posto de sa\u00fade come\u00e7a no in\u00edcio do pr\u00f3ximo m\u00eas de abril, com previs\u00e3o de entrega em setembro.<\/p>\n<p><a href=\"http:\/\/www.oparanews.com.br\/wp-content\/uploads\/2023\/03\/ubs-sesi-saude-penedo-10.jpg\"><img loading=\"lazy\" decoding=\"async\" class=\"aligncenter size-full wp-image-27584\" src=\"http:\/\/www.oparanews.com.br\/wp-content\/uploads\/2023\/03\/ubs-sesi-saude-penedo-10.jpg\" alt=\"\" width=\"1280\" height=\"853\" srcset=\"https:\/\/www.oparanews.com.br\/wp-content\/uploads\/2023\/03\/ubs-sesi-saude-penedo-10.jpg 1280w, https:\/\/www.oparanews.com.br\/wp-content\/uploads\/2023\/03\/ubs-sesi-saude-penedo-10-300x200.jpg 300w, https:\/\/www.oparanews.com.br\/wp-content\/uploads\/2023\/03\/ubs-sesi-saude-penedo-10-1024x682.jpg 1024w, https:\/\/www.oparanews.com.br\/wp-content\/uploads\/2023\/03\/ubs-sesi-saude-penedo-10-768x512.jpg 768w\" sizes=\"auto, (max-width: 1280px) 100vw, 1280px\" \/><\/a><\/p>\n<p>\u201cEsse posto \u00e9 muito importante porque atende cerca de quatro mil pessoas e essa obra \u00e9 fundamental para que n\u00f3s possamos prestar servi\u00e7os com melhor qualidade, tanto para a popula\u00e7\u00e3o quanto para a equipe desta unidade de sa\u00fade\u201d, afirma Ronaldo Lopes.<\/p>\n<p>&nbsp;<\/p>\n<p>O investimento em sa\u00fade p\u00fablica est\u00e1 or\u00e7ado em R$ 1.173.258,00 (um milh\u00e3o, cento e setenta e tr\u00eas mil e duzentos e cinquenta e oito reais).<\/p>\n<p>&nbsp;<\/p>\n<p>Ronaldo Lopes visitou a UBS do Sesi na tarde desta quinta-feira, 23, acompanhado pela Secret\u00e1ria de Sa\u00fade Waninna Mendon\u00e7a, pessoal respons\u00e1vel pela obra e equipe de sa\u00fade da unidade que funciona provisoriamente em anexo localizado no bairro Santa Izabel.<\/p>\n<p>&nbsp;<\/p>\n<p>&nbsp;<\/p>\n<p>&nbsp;<\/p>\n<p><strong>Fonte: Secom PMP<\/strong><\/p>\n<p>&nbsp;<\/p>\n","protected":false},"excerpt":{"rendered":"<p>O governo Ronaldo Lopes investe recursos pr\u00f3prios da Prefeitura de Penedo para recuperar a Unidade B\u00e1sica de S\u00e1ude (UBS) Dr. Alcides Andrade, mais conhecida como posto do Sesi, o maior da rede da Secretaria Municipal de Sa\u00fade (SEMS). &nbsp; O im\u00f3vel que ser\u00e1 praticamente reconstru\u00eddo foi interditado em setembro de 2017 devido a problemas em &hellip;<\/p>\n","protected":false},"author":2,"featured_media":27582,"comment_status":"open","ping_status":"open","sticky":false,"template":"","format":"standard","meta":{"_jetpack_memberships_contains_paid_content":false,"footnotes":""},"categories":[1,3],"tags":[],"class_list":["post-27581","post","type-post","status-publish","format-standard","has-post-thumbnail","hentry","category-destaque","category-penedo"],"jetpack_featured_media_url":"https:\/\/www.oparanews.com.br\/wp-content\/uploads\/2023\/03\/ubs-sesi-sems-penedo-scaled-1.jpg","jetpack_sharing_enabled":true,"_links":{"self":[{"href":"https:\/\/www.oparanews.com.br\/index.php\/wp-json\/wp\/v2\/posts\/27581","targetHints":{"allow":["GET"]}}],"collection":[{"href":"https:\/\/www.oparanews.com.br\/index.php\/wp-json\/wp\/v2\/posts"}],"about":[{"href":"https:\/\/www.oparanews.com.br\/index.php\/wp-json\/wp\/v2\/types\/post"}],"author":[{"embeddable":true,"href":"https:\/\/www.oparanews.com.br\/index.php\/wp-json\/wp\/v2\/users\/2"}],"replies":[{"embeddable":true,"href":"https:\/\/www.oparanews.com.br\/index.php\/wp-json\/wp\/v2\/comments?post=27581"}],"version-history":[{"count":2,"href":"https:\/\/www.oparanews.com.br\/index.php\/wp-json\/wp\/v2\/posts\/27581\/revisions"}],"predecessor-version":[{"id":27585,"href":"https:\/\/www.oparanews.com.br\/index.php\/wp-json\/wp\/v2\/posts\/27581\/revisions\/27585"}],"wp:featuredmedia":[{"embeddable":true,"href":"https:\/\/www.oparanews.com.br\/index.php\/wp-json\/wp\/v2\/media\/27582"}],"wp:attachment":[{"href":"https:\/\/www.oparanews.com.br\/index.php\/wp-json\/wp\/v2\/media?parent=27581"}],"wp:term":[{"taxonomy":"category","embeddable":true,"href":"https:\/\/www.oparanews.com.br\/index.php\/wp-json\/wp\/v2\/categories?post=27581"},{"taxonomy":"post_tag","embeddable":true,"href":"https:\/\/www.oparanews.com.br\/index.php\/wp-json\/wp\/v2\/tags?post=27581"}],"curies":[{"name":"wp","href":"https:\/\/api.w.org\/{rel}","templated":true}]}}