{"id":27628,"date":"2023-03-27T23:48:26","date_gmt":"2023-03-28T02:48:26","guid":{"rendered":"https:\/\/www.oparanews.com.br\/?p=27628"},"modified":"2023-03-27T23:48:26","modified_gmt":"2023-03-28T02:48:26","slug":"prefeito-ronaldo-lopes-trabalha-para-formalizar-parceria-com-o-sesi-senai-para-educacao","status":"publish","type":"post","link":"https:\/\/www.oparanews.com.br\/index.php\/2023\/03\/27\/prefeito-ronaldo-lopes-trabalha-para-formalizar-parceria-com-o-sesi-senai-para-educacao\/","title":{"rendered":"Prefeito Ronaldo Lopes trabalha para formalizar parceria com o Sesi\/Senai para educa\u00e7\u00e3o"},"content":{"rendered":"<p>Ronaldo Lopes \u00e9 incans\u00e1vel em sua luta por ampliar os avan\u00e7os que proporciona ao povo de Penedo, principalmente para as camadas de baixa renda. E nesta segunda-feira, 23, o gestor penedense conheceu um excelente exemplo em educa\u00e7\u00e3o na capital alagoana.<\/p>\n<p>&nbsp;<\/p>\n<p>O Prefeito de Penedo visitou a escola de refer\u00eancia SESI, localizada no bairro Benedito Bentes, com objetivo de viabilizar uma parceria para implanta\u00e7\u00e3o do mesmo modelo de gest\u00e3o em unidades da Secretaria Municipal de Educa\u00e7\u00e3o (Semed).<\/p>\n<p>&nbsp;<\/p>\n<p>Al\u00e9m de investir na qualifica\u00e7\u00e3o de professores, diretores e coordenadores, a meta inicial \u00e9 direcionada para uma escola, ainda a ser definida, sendo posteriormente expandido para toda a rede.<\/p>\n<p>&nbsp;<\/p>\n<p>Estudantes do 8\u00ba e do 9\u00ba ano e da EJA tamb\u00e9m est\u00e3o no foco da parceria que inclui a oferta de cursos profissionalizantes do Sesi\/Senai, institui\u00e7\u00f5es formadoras de m\u00e3o de obra especializada e de reconhecido m\u00e9rito.<\/p>\n<p>&nbsp;<\/p>\n<p>\u201cEssa parceria tamb\u00e9m se estender\u00e1 para a vertente dos cursos profissionalizantes do SENAI em Penedo nas \u00e1reas de constru\u00e7\u00e3o civil, alimenta\u00e7\u00e3o e outras, para toda a popula\u00e7\u00e3o. Ser\u00e1 uma trilha de conhecimento que ir\u00e1 fomentar a educa\u00e7\u00e3o b\u00e1sica, o mercado de trabalho e o empreendedorismo local\u201d, ressalta Ronaldo Lopes.<\/p>\n<p>&nbsp;<\/p>\n<p>\u201cN\u00f3s tamb\u00e9m poderemos ter um diagn\u00f3stico do panorama atual da educa\u00e7\u00e3o em nossa rede, o que certamente nos ajudar\u00e1 em nosso planejamento\u201d, acrescenta Luciano Lucena, gestor da Semed Penedo que tamb\u00e9m participou da agenda de trabalho, ao lado do Chefe de Gabiente Pedro Soares.<\/p>\n<p>&nbsp;<\/p>\n<p>&nbsp;<\/p>\n<p>&nbsp;<\/p>\n<p><strong>Fonte: Secom PMP<\/strong><\/p>\n<p>&nbsp;<\/p>\n","protected":false},"excerpt":{"rendered":"<p>Ronaldo Lopes \u00e9 incans\u00e1vel em sua luta por ampliar os avan\u00e7os que proporciona ao povo de Penedo, principalmente para as camadas de baixa renda. E nesta segunda-feira, 23, o gestor penedense conheceu um excelente exemplo em educa\u00e7\u00e3o na capital alagoana. &nbsp; O Prefeito de Penedo visitou a escola de refer\u00eancia SESI, localizada no bairro Benedito &hellip;<\/p>\n","protected":false},"author":2,"featured_media":27629,"comment_status":"open","ping_status":"open","sticky":false,"template":"","format":"standard","meta":{"_jetpack_memberships_contains_paid_content":false,"footnotes":""},"categories":[1,3],"tags":[],"class_list":["post-27628","post","type-post","status-publish","format-standard","has-post-thumbnail","hentry","category-destaque","category-penedo"],"jetpack_featured_media_url":"https:\/\/www.oparanews.com.br\/wp-content\/uploads\/2023\/03\/ronaldo-lopes-parceria-sesi.jpeg","jetpack_sharing_enabled":true,"_links":{"self":[{"href":"https:\/\/www.oparanews.com.br\/index.php\/wp-json\/wp\/v2\/posts\/27628","targetHints":{"allow":["GET"]}}],"collection":[{"href":"https:\/\/www.oparanews.com.br\/index.php\/wp-json\/wp\/v2\/posts"}],"about":[{"href":"https:\/\/www.oparanews.com.br\/index.php\/wp-json\/wp\/v2\/types\/post"}],"author":[{"embeddable":true,"href":"https:\/\/www.oparanews.com.br\/index.php\/wp-json\/wp\/v2\/users\/2"}],"replies":[{"embeddable":true,"href":"https:\/\/www.oparanews.com.br\/index.php\/wp-json\/wp\/v2\/comments?post=27628"}],"version-history":[{"count":1,"href":"https:\/\/www.oparanews.com.br\/index.php\/wp-json\/wp\/v2\/posts\/27628\/revisions"}],"predecessor-version":[{"id":27630,"href":"https:\/\/www.oparanews.com.br\/index.php\/wp-json\/wp\/v2\/posts\/27628\/revisions\/27630"}],"wp:featuredmedia":[{"embeddable":true,"href":"https:\/\/www.oparanews.com.br\/index.php\/wp-json\/wp\/v2\/media\/27629"}],"wp:attachment":[{"href":"https:\/\/www.oparanews.com.br\/index.php\/wp-json\/wp\/v2\/media?parent=27628"}],"wp:term":[{"taxonomy":"category","embeddable":true,"href":"https:\/\/www.oparanews.com.br\/index.php\/wp-json\/wp\/v2\/categories?post=27628"},{"taxonomy":"post_tag","embeddable":true,"href":"https:\/\/www.oparanews.com.br\/index.php\/wp-json\/wp\/v2\/tags?post=27628"}],"curies":[{"name":"wp","href":"https:\/\/api.w.org\/{rel}","templated":true}]}}