{"id":27648,"date":"2023-03-30T07:30:09","date_gmt":"2023-03-30T10:30:09","guid":{"rendered":"https:\/\/www.oparanews.com.br\/?p=27648"},"modified":"2023-03-30T07:30:09","modified_gmt":"2023-03-30T10:30:09","slug":"acusado-de-matar-padrasto-de-namorada-e-preso-em-penedo","status":"publish","type":"post","link":"https:\/\/www.oparanews.com.br\/index.php\/2023\/03\/30\/acusado-de-matar-padrasto-de-namorada-e-preso-em-penedo\/","title":{"rendered":"Acusado de matar padrasto de namorada \u00e9 preso em Penedo"},"content":{"rendered":"<p>A Pol\u00edcia Civil de Alagoas (PC\/AL), por meio da 7\u00aa Delegacia Regional de Pol\u00edcia (7\u00aa DRP), prendeu, nessa quarta-feira (29), o acusado de ter assassinado Paulo Nogueira da Cruz, 36 anos, morto com disparo de arma de fogo e golpes de faca, no dia 23 de dezembro de 2011, na Rua do Ros\u00e1rio, localizada no bairro Senhor do Bonfim, em Penedo, em Alagoas. A v\u00edtima era padrasto da mulher com quem o autor tinha um relacionamento.<\/p>\n<p>&nbsp;<\/p>\n<p>O acusado foi preso em um estabelecimento comercial situado na Avenida Ant\u00f4nio C\u00e2ndido Toledo, na parte alta de Penedo, local onde trabalhava atualmente.<\/p>\n<p>&nbsp;<\/p>\n<p>Os agentes da 7\u00aa DRP deram cumprimento ao mandado de pris\u00e3o expedido pela 4\u00aa Vara Criminal de Penedo.<\/p>\n<p>&nbsp;<\/p>\n<p>De acordo com as informa\u00e7\u00f5es do chefe de opera\u00e7\u00f5es da 7\u00aa DRP, Welber Cardoso, a v\u00edtima foi executada dentro de sua pr\u00f3pria resid\u00eancia, com um disparo de arma de fogo e v\u00e1rias facadas.<\/p>\n<p>&nbsp;<\/p>\n<p>A motiva\u00e7\u00e3o teria sido ap\u00f3s o acusado ter discutido com a v\u00edtima, que era padrasto da mulher com quem o autor tinha um relacionamento.<\/p>\n<p>&nbsp;<\/p>\n<p>Ap\u00f3s a confus\u00e3o, o acusado teria invadido a casa de Paulo Nogueira e o executado.<\/p>\n<p>&nbsp;<\/p>\n<p>&nbsp;<\/p>\n<p>&nbsp;<\/p>\n<p><strong>Com assessoria<\/strong><\/p>\n<p>&nbsp;<\/p>\n","protected":false},"excerpt":{"rendered":"<p>A Pol\u00edcia Civil de Alagoas (PC\/AL), por meio da 7\u00aa Delegacia Regional de Pol\u00edcia (7\u00aa DRP), prendeu, nessa quarta-feira (29), o acusado de ter assassinado Paulo Nogueira da Cruz, 36 anos, morto com disparo de arma de fogo e golpes de faca, no dia 23 de dezembro de 2011, na Rua do Ros\u00e1rio, localizada no &hellip;<\/p>\n","protected":false},"author":2,"featured_media":26924,"comment_status":"open","ping_status":"open","sticky":false,"template":"","format":"standard","meta":{"_jetpack_memberships_contains_paid_content":false,"footnotes":""},"categories":[1,3],"tags":[],"class_list":["post-27648","post","type-post","status-publish","format-standard","has-post-thumbnail","hentry","category-destaque","category-penedo"],"jetpack_featured_media_url":"https:\/\/www.oparanews.com.br\/wp-content\/uploads\/2023\/01\/csm_cisp-penedo-foto-deywisson-duarte_8399fbe9c6.jpg","jetpack_sharing_enabled":true,"_links":{"self":[{"href":"https:\/\/www.oparanews.com.br\/index.php\/wp-json\/wp\/v2\/posts\/27648","targetHints":{"allow":["GET"]}}],"collection":[{"href":"https:\/\/www.oparanews.com.br\/index.php\/wp-json\/wp\/v2\/posts"}],"about":[{"href":"https:\/\/www.oparanews.com.br\/index.php\/wp-json\/wp\/v2\/types\/post"}],"author":[{"embeddable":true,"href":"https:\/\/www.oparanews.com.br\/index.php\/wp-json\/wp\/v2\/users\/2"}],"replies":[{"embeddable":true,"href":"https:\/\/www.oparanews.com.br\/index.php\/wp-json\/wp\/v2\/comments?post=27648"}],"version-history":[{"count":1,"href":"https:\/\/www.oparanews.com.br\/index.php\/wp-json\/wp\/v2\/posts\/27648\/revisions"}],"predecessor-version":[{"id":27649,"href":"https:\/\/www.oparanews.com.br\/index.php\/wp-json\/wp\/v2\/posts\/27648\/revisions\/27649"}],"wp:featuredmedia":[{"embeddable":true,"href":"https:\/\/www.oparanews.com.br\/index.php\/wp-json\/wp\/v2\/media\/26924"}],"wp:attachment":[{"href":"https:\/\/www.oparanews.com.br\/index.php\/wp-json\/wp\/v2\/media?parent=27648"}],"wp:term":[{"taxonomy":"category","embeddable":true,"href":"https:\/\/www.oparanews.com.br\/index.php\/wp-json\/wp\/v2\/categories?post=27648"},{"taxonomy":"post_tag","embeddable":true,"href":"https:\/\/www.oparanews.com.br\/index.php\/wp-json\/wp\/v2\/tags?post=27648"}],"curies":[{"name":"wp","href":"https:\/\/api.w.org\/{rel}","templated":true}]}}