{"id":27653,"date":"2023-03-31T07:21:00","date_gmt":"2023-03-31T10:21:00","guid":{"rendered":"https:\/\/www.oparanews.com.br\/?p=27653"},"modified":"2023-03-31T07:21:00","modified_gmt":"2023-03-31T10:21:00","slug":"semaforos-e-ruas-com-mao-unica-melhoram-transito-na-parte-alta-de-penedo","status":"publish","type":"post","link":"https:\/\/www.oparanews.com.br\/index.php\/2023\/03\/31\/semaforos-e-ruas-com-mao-unica-melhoram-transito-na-parte-alta-de-penedo\/","title":{"rendered":"Sem\u00e1foros e ruas com m\u00e3o \u00fanica melhoram tr\u00e2nsito na parte alta de Penedo"},"content":{"rendered":"<p>O governo Ronaldo Lopes se empenha em melhorar a qualidade de vida dos penedenses, investimentos feitos em todos os setores de Penedo, inclusive para o tr\u00e1fego de ve\u00edculos e a circula\u00e7\u00e3o de pedestres.<\/p>\n<p>&nbsp;<\/p>\n<p>A manuten\u00e7\u00e3o de ruas da cidade e das estradas vicinais \u00e9 trabalho de rotina da Secretaria Municipal de Servi\u00e7os P\u00fablicos (SEMSP), enquanto que o ordenamento e a fiscaliza\u00e7\u00e3o do tr\u00e2nsito \u00e9 miss\u00e3o da Superintend\u00eancia Municipal de Transporte e Tr\u00e2nsito (SMTT).<\/p>\n<p>&nbsp;<\/p>\n<p>O trabalho integrado de setores da Prefeitura de Penedo gera mais um avan\u00e7o para a popula\u00e7\u00e3o e visitantes, com a instala\u00e7\u00e3o de sem\u00e1foros e bin\u00e1rio de tr\u00e2nsito em local com fluxo intenso de carros e pessoas.<\/p>\n<p>&nbsp;<\/p>\n<p>A partir desta quinta-feira, 30, a rua Mateus Ferreira \u2013 onde est\u00e1 situado o Centro de Diagn\u00f3sticos da Secretaria Municipal de Sa\u00fade \u2013 passa a ser de m\u00e3o \u00fanica, no sentido da Rodovia Engenheiro Joaquim Gon\u00e7alves para a Avenida Wanderley.<\/p>\n<p>&nbsp;<\/p>\n<p>A rua da Aurora tamb\u00e9m ser\u00e1 de m\u00e3o \u00fanica, no sentido contr\u00e1rio ao da Mateus Ferreira, ou seja, seguindo da Avenida Wanderley para a Rodovia Engenheiro Joaquim Gon\u00e7alves, apenas a partir do trecho entre o posto de combust\u00edveis e a DrogaLima.<\/p>\n<p>&nbsp;<\/p>\n<p>Al\u00e9m desse bin\u00e1rio de tr\u00e2nsito, o governo Ronaldo Lopes instala dois sem\u00e1foros nesse setor, melhorando assim o controle do fluxo de ve\u00edculos e a passagem de pedestres.<\/p>\n<p>&nbsp;<\/p>\n<p>&nbsp;<\/p>\n<p>&nbsp;<\/p>\n<p><strong>Fonte: Secom PMP<\/strong><\/p>\n<p>&nbsp;<\/p>\n","protected":false},"excerpt":{"rendered":"<p>O governo Ronaldo Lopes se empenha em melhorar a qualidade de vida dos penedenses, investimentos feitos em todos os setores de Penedo, inclusive para o tr\u00e1fego de ve\u00edculos e a circula\u00e7\u00e3o de pedestres. &nbsp; A manuten\u00e7\u00e3o de ruas da cidade e das estradas vicinais \u00e9 trabalho de rotina da Secretaria Municipal de Servi\u00e7os P\u00fablicos (SEMSP), &hellip;<\/p>\n","protected":false},"author":2,"featured_media":27654,"comment_status":"open","ping_status":"open","sticky":false,"template":"","format":"standard","meta":{"_jetpack_memberships_contains_paid_content":false,"footnotes":""},"categories":[1,3],"tags":[],"class_list":["post-27653","post","type-post","status-publish","format-standard","has-post-thumbnail","hentry","category-destaque","category-penedo"],"jetpack_featured_media_url":"https:\/\/www.oparanews.com.br\/wp-content\/uploads\/2023\/03\/semaforo-transito-penedo-smtt.jpg","jetpack_sharing_enabled":true,"_links":{"self":[{"href":"https:\/\/www.oparanews.com.br\/index.php\/wp-json\/wp\/v2\/posts\/27653","targetHints":{"allow":["GET"]}}],"collection":[{"href":"https:\/\/www.oparanews.com.br\/index.php\/wp-json\/wp\/v2\/posts"}],"about":[{"href":"https:\/\/www.oparanews.com.br\/index.php\/wp-json\/wp\/v2\/types\/post"}],"author":[{"embeddable":true,"href":"https:\/\/www.oparanews.com.br\/index.php\/wp-json\/wp\/v2\/users\/2"}],"replies":[{"embeddable":true,"href":"https:\/\/www.oparanews.com.br\/index.php\/wp-json\/wp\/v2\/comments?post=27653"}],"version-history":[{"count":1,"href":"https:\/\/www.oparanews.com.br\/index.php\/wp-json\/wp\/v2\/posts\/27653\/revisions"}],"predecessor-version":[{"id":27655,"href":"https:\/\/www.oparanews.com.br\/index.php\/wp-json\/wp\/v2\/posts\/27653\/revisions\/27655"}],"wp:featuredmedia":[{"embeddable":true,"href":"https:\/\/www.oparanews.com.br\/index.php\/wp-json\/wp\/v2\/media\/27654"}],"wp:attachment":[{"href":"https:\/\/www.oparanews.com.br\/index.php\/wp-json\/wp\/v2\/media?parent=27653"}],"wp:term":[{"taxonomy":"category","embeddable":true,"href":"https:\/\/www.oparanews.com.br\/index.php\/wp-json\/wp\/v2\/categories?post=27653"},{"taxonomy":"post_tag","embeddable":true,"href":"https:\/\/www.oparanews.com.br\/index.php\/wp-json\/wp\/v2\/tags?post=27653"}],"curies":[{"name":"wp","href":"https:\/\/api.w.org\/{rel}","templated":true}]}}