{"id":27660,"date":"2023-04-01T23:36:19","date_gmt":"2023-04-02T02:36:19","guid":{"rendered":"https:\/\/www.oparanews.com.br\/?p=27660"},"modified":"2023-04-01T23:36:19","modified_gmt":"2023-04-02T02:36:19","slug":"penedo-oficializa-candidatura-a-rede-mundial-de-cidades-criativas","status":"publish","type":"post","link":"https:\/\/www.oparanews.com.br\/index.php\/2023\/04\/01\/penedo-oficializa-candidatura-a-rede-mundial-de-cidades-criativas\/","title":{"rendered":"Penedo oficializa candidatura \u00e0 rede mundial de Cidades Criativas"},"content":{"rendered":"<p>O som dos p\u00edfanos anuncia: Penedo torna-se, oficialmente, candidata a fazer parte do seleto grupo mundial de Cidades Criativas, rede desenvolvida pela Unesco para incentivar a colabora\u00e7\u00e3o e produ\u00e7\u00e3o da economia criativa.<\/p>\n<p>&nbsp;<\/p>\n<p>A manifesta\u00e7\u00e3o tradicional que remete aos festejos de Bom Jesus dos Navegantes abriu a 1\u00aa Jornada Criativa de Penedo, realizada nesta sexta-feira, 31, no Centro de Conven\u00e7\u00f5es e Eventos Comendador Zeca Peixoto, o antigo Cine S\u00e3o Francisco.<\/p>\n<p>&nbsp;<\/p>\n<p>A recupera\u00e7\u00e3o do maior e mais moderno cinema do Nordeste de sua \u00e9poca, inaugurado em 1959, foi destacada pelo Prefeito Ronaldo Lopes em seu discurso. O investimento \u00e9 um dos pontos favor\u00e1veis a Penedo no processo de avalia\u00e7\u00e3o das cidades concorrentes no edital cujo resultado ser\u00e1 divulgado em outubro.<\/p>\n<p>&nbsp;<\/p>\n<p>Penedo aposta seu potencial no cinema para ingressar na rede Cidades Criativas, unindo passado, presente e futuro para estar ao lado de Santos-SP, parceiro da empreitada que tamb\u00e9m \u00e9 apoiada por Recife-PE, Jo\u00e3o Pessoa-PB, Campina Grande-PB, Salvador-BA e Fortaleza-CE, as cidades nordestinas j\u00e1 inseridas.<\/p>\n<p>&nbsp;<\/p>\n<p>J\u00e1 o munic\u00edpio paulista \u00e9 o \u00fanico do Brasil habilitado no segmento cinema entre os 12 do pa\u00eds que integram a rede da Organiza\u00e7\u00e3o das Na\u00e7\u00f5es Unidas para a Educa\u00e7\u00e3o, a Ci\u00eancia e a Cultura.<\/p>\n<p>&nbsp;<\/p>\n<p>Outro dado relevante citado por Ronaldo Lopes na solenidade diz respeito ao Cine Penedo, em obras e com \u00faltima parcela do BNDES liberada para atender o projeto da Universidade Federal de Alagoas (Ufal) de instalar o p\u00f3lo produtor de audiovisual.<\/p>\n<p>&nbsp;<\/p>\n<p>A parceria Prefeitura de Penedo, Ufal, Comit\u00ea da Bacia Hidrogr\u00e1fica do S\u00e3o Francisco e Governo de Alagoas \u00e9 respons\u00e1vel pelo Circuito Penedo de Cinema, evento que realiza cinco festivais simult\u00e2neos e avan\u00e7a para sua 13\u00aa edi\u00e7\u00e3o em 2023.<\/p>\n<p>&nbsp;<\/p>\n<p>Al\u00e9m da Ufal e da Prefeitura de Penedo, o trabalho que visa impulsionar o desenvolvimento do munic\u00edpio que respira economia criativa tem apoio do Governo de Alagoas, do Sebrae, do Iphan, do Ifal, do Banco do Nordeste, da Funda\u00e7\u00e3o Casa do Penedo, do F\u00f3rum Setorial do Audiovisual Alagoano e da Associa\u00e7\u00e3o de Turismo e Economia Criativa de Penedo.<\/p>\n<p>&nbsp;<\/p>\n<p>Todas essas institui\u00e7\u00f5es assinaram o protocolo que oficializa a candidatura do munic\u00edpio que se prepara para mais esse avan\u00e7o. E ainda que o resultado do edital n\u00e3o seja o esperado, Penedo j\u00e1 pode comemorar.<\/p>\n<p>&nbsp;<\/p>\n<p>\u201cO mais importante j\u00e1 est\u00e1 sendo feito que \u00e9 esse processo de conscientiza\u00e7\u00e3o sobre a import\u00e2ncia da economia criativa para voc\u00eas\u201d, frisou Eduardo Barroso, especialista na rede Cidades Criativas e colaborador do munic\u00edpio no trabalho iniciado em 2022.<\/p>\n<p>&nbsp;<\/p>\n<p>Ele frisou ainda que a defini\u00e7\u00e3o por determinado segmento n\u00e3o significa que a cidade vai atuar somente naquele que gerou sua inclus\u00e3o, ser\u00e1 o \u2018cart\u00e3o de visita\u2019 que abre as portas para culin\u00e1ria, m\u00fasica, literatura, design, artes midi\u00e1ticas, artesanato e artes populares.<\/p>\n<p>&nbsp;<\/p>\n<p>Diante do p\u00fablico repleto de estudantes das redes p\u00fablica municipal e estadual, o Secret\u00e1rio de Turismo de Penedo afirmou que Penedo j\u00e1 \u00e9 uma cidade criativa. \u201cO que queremos e estamos trabalhando para que isso aconte\u00e7a \u00e9 fazer com que o setor da economia criativa se torne um importante gerador de emprego e renda no munic\u00edpio\u201d, ressaltou Jair Galv\u00e3o.<\/p>\n<p>&nbsp;<\/p>\n<p>A 1\u00aa Jornada Criativa de Penedo abriu espa\u00e7o para exposi\u00e7\u00e3o de artes\u00e3os locais e fot\u00f3grafos, representados por James Dantas, Kamylla Feitosa, Matheus Santos e Bruno Vieira, todos prestigiados por Ronaldo Lopes e Guilherme Lopes, Secret\u00e1rio Executivo da Secretaria de Sa\u00fade de Alagoas.<\/p>\n<p>&nbsp;<\/p>\n<p>A programa\u00e7\u00e3o do evento encerrado no in\u00edcio da noite esclareceu aspectos da economia criativa e da rede da Unesco por meio de especialistas convidados e apresentou o v\u00eddeo oficial do lan\u00e7amento da Cidade dos Sobrados ao lugar que j\u00e1 \u00e9 seu.<\/p>\n<p>&nbsp;<\/p>\n<p>&nbsp;<\/p>\n<p>&nbsp;<\/p>\n<p><strong>Fonte: Secom PMP<\/strong><\/p>\n<p>&nbsp;<\/p>\n","protected":false},"excerpt":{"rendered":"<p>O som dos p\u00edfanos anuncia: Penedo torna-se, oficialmente, candidata a fazer parte do seleto grupo mundial de Cidades Criativas, rede desenvolvida pela Unesco para incentivar a colabora\u00e7\u00e3o e produ\u00e7\u00e3o da economia criativa. &nbsp; A manifesta\u00e7\u00e3o tradicional que remete aos festejos de Bom Jesus dos Navegantes abriu a 1\u00aa Jornada Criativa de Penedo, realizada nesta sexta-feira, &hellip;<\/p>\n","protected":false},"author":2,"featured_media":27661,"comment_status":"open","ping_status":"open","sticky":false,"template":"","format":"standard","meta":{"_jetpack_memberships_contains_paid_content":false,"footnotes":""},"categories":[1,3],"tags":[],"class_list":["post-27660","post","type-post","status-publish","format-standard","has-post-thumbnail","hentry","category-destaque","category-penedo"],"jetpack_featured_media_url":"https:\/\/www.oparanews.com.br\/wp-content\/uploads\/2023\/04\/penedo-cidades-criativas-marco-2023-30.jpg","jetpack_sharing_enabled":true,"_links":{"self":[{"href":"https:\/\/www.oparanews.com.br\/index.php\/wp-json\/wp\/v2\/posts\/27660","targetHints":{"allow":["GET"]}}],"collection":[{"href":"https:\/\/www.oparanews.com.br\/index.php\/wp-json\/wp\/v2\/posts"}],"about":[{"href":"https:\/\/www.oparanews.com.br\/index.php\/wp-json\/wp\/v2\/types\/post"}],"author":[{"embeddable":true,"href":"https:\/\/www.oparanews.com.br\/index.php\/wp-json\/wp\/v2\/users\/2"}],"replies":[{"embeddable":true,"href":"https:\/\/www.oparanews.com.br\/index.php\/wp-json\/wp\/v2\/comments?post=27660"}],"version-history":[{"count":1,"href":"https:\/\/www.oparanews.com.br\/index.php\/wp-json\/wp\/v2\/posts\/27660\/revisions"}],"predecessor-version":[{"id":27662,"href":"https:\/\/www.oparanews.com.br\/index.php\/wp-json\/wp\/v2\/posts\/27660\/revisions\/27662"}],"wp:featuredmedia":[{"embeddable":true,"href":"https:\/\/www.oparanews.com.br\/index.php\/wp-json\/wp\/v2\/media\/27661"}],"wp:attachment":[{"href":"https:\/\/www.oparanews.com.br\/index.php\/wp-json\/wp\/v2\/media?parent=27660"}],"wp:term":[{"taxonomy":"category","embeddable":true,"href":"https:\/\/www.oparanews.com.br\/index.php\/wp-json\/wp\/v2\/categories?post=27660"},{"taxonomy":"post_tag","embeddable":true,"href":"https:\/\/www.oparanews.com.br\/index.php\/wp-json\/wp\/v2\/tags?post=27660"}],"curies":[{"name":"wp","href":"https:\/\/api.w.org\/{rel}","templated":true}]}}