{"id":27704,"date":"2023-04-04T22:39:44","date_gmt":"2023-04-05T01:39:44","guid":{"rendered":"https:\/\/www.oparanews.com.br\/?p=27704"},"modified":"2023-04-04T22:39:44","modified_gmt":"2023-04-05T01:39:44","slug":"confira-os-servicos-da-prefeitura-de-penedo-que-funcionam-na-vespera-da-sexta-feira-santa","status":"publish","type":"post","link":"https:\/\/www.oparanews.com.br\/index.php\/2023\/04\/04\/confira-os-servicos-da-prefeitura-de-penedo-que-funcionam-na-vespera-da-sexta-feira-santa\/","title":{"rendered":"Confira os servi\u00e7os da Prefeitura de Penedo que funcionam na v\u00e9spera da Sexta-feira Santa"},"content":{"rendered":"<p>Na v\u00e9spera do feriado religioso da Sexta-feira Santa, data com ponto facultativo decretado no cronograma anual, a Prefeitura de Penedo mant\u00e9m servi\u00e7os essenciais funcionando, entre eles a coleta de lixo e a assist\u00eancia da Unidade de Pronto Atendimento (UPA).<\/p>\n<p>&nbsp;<\/p>\n<p>Ainda na \u00e1rea de sa\u00fade p\u00fablica, todos os exames previamente agendados para realiza\u00e7\u00e3o na pr\u00f3xima quinta-feira, 06, no Centro de Diagn\u00f3stico Almir Nogueira Lopes est\u00e3o mantidos, inclusive os que foram marcados para acontecer na sexta-feira, 07.<\/p>\n<p>&nbsp;<\/p>\n<p>O Centro de Diagn\u00f3stico \u00e9 um setor da Secretaria Municipal de Sa\u00fade que d\u00e1 suporte ao funcionamento da UPA e funciona todos os dias, acompanhando os plant\u00f5es dos finais da Unidade de Pronto Atendimento que \u00e9 refer\u00eancia para Penedo e regi\u00e3o.<\/p>\n<p>&nbsp;<\/p>\n<p>Os demais setores da Prefeitura de Penedo est\u00e3o com ponto facultativo decretado para a v\u00e9spera do feriado, suspendendo aulas das escolas da rede p\u00fablica municipal e o funcionamento dos postos de sa\u00fade. Tamb\u00e9m n\u00e3o haver\u00e1 atendimento ao p\u00fablico nas demais reparti\u00e7\u00f5es da administra\u00e7\u00e3o municipal.<\/p>\n<p>&nbsp;<\/p>\n<p>Sobre a coleta de lixo, o recolhimento feito pela Secretaria Municipal de Servi\u00e7os P\u00fablicos volta ao normal no s\u00e1bado, 08 de abril.<\/p>\n<p>&nbsp;<\/p>\n<p>&nbsp;<\/p>\n<p><strong>Fonte: Secom PMP<\/strong><\/p>\n<p>&nbsp;<\/p>\n","protected":false},"excerpt":{"rendered":"<p>Na v\u00e9spera do feriado religioso da Sexta-feira Santa, data com ponto facultativo decretado no cronograma anual, a Prefeitura de Penedo mant\u00e9m servi\u00e7os essenciais funcionando, entre eles a coleta de lixo e a assist\u00eancia da Unidade de Pronto Atendimento (UPA). &nbsp; Ainda na \u00e1rea de sa\u00fade p\u00fablica, todos os exames previamente agendados para realiza\u00e7\u00e3o na pr\u00f3xima &hellip;<\/p>\n","protected":false},"author":2,"featured_media":27705,"comment_status":"open","ping_status":"open","sticky":false,"template":"","format":"standard","meta":{"_jetpack_memberships_contains_paid_content":false,"footnotes":""},"categories":[1,3],"tags":[],"class_list":["post-27704","post","type-post","status-publish","format-standard","has-post-thumbnail","hentry","category-destaque","category-penedo"],"jetpack_featured_media_url":"https:\/\/www.oparanews.com.br\/wp-content\/uploads\/2023\/04\/sede-pmp.jpeg","jetpack_sharing_enabled":true,"_links":{"self":[{"href":"https:\/\/www.oparanews.com.br\/index.php\/wp-json\/wp\/v2\/posts\/27704","targetHints":{"allow":["GET"]}}],"collection":[{"href":"https:\/\/www.oparanews.com.br\/index.php\/wp-json\/wp\/v2\/posts"}],"about":[{"href":"https:\/\/www.oparanews.com.br\/index.php\/wp-json\/wp\/v2\/types\/post"}],"author":[{"embeddable":true,"href":"https:\/\/www.oparanews.com.br\/index.php\/wp-json\/wp\/v2\/users\/2"}],"replies":[{"embeddable":true,"href":"https:\/\/www.oparanews.com.br\/index.php\/wp-json\/wp\/v2\/comments?post=27704"}],"version-history":[{"count":2,"href":"https:\/\/www.oparanews.com.br\/index.php\/wp-json\/wp\/v2\/posts\/27704\/revisions"}],"predecessor-version":[{"id":27707,"href":"https:\/\/www.oparanews.com.br\/index.php\/wp-json\/wp\/v2\/posts\/27704\/revisions\/27707"}],"wp:featuredmedia":[{"embeddable":true,"href":"https:\/\/www.oparanews.com.br\/index.php\/wp-json\/wp\/v2\/media\/27705"}],"wp:attachment":[{"href":"https:\/\/www.oparanews.com.br\/index.php\/wp-json\/wp\/v2\/media?parent=27704"}],"wp:term":[{"taxonomy":"category","embeddable":true,"href":"https:\/\/www.oparanews.com.br\/index.php\/wp-json\/wp\/v2\/categories?post=27704"},{"taxonomy":"post_tag","embeddable":true,"href":"https:\/\/www.oparanews.com.br\/index.php\/wp-json\/wp\/v2\/tags?post=27704"}],"curies":[{"name":"wp","href":"https:\/\/api.w.org\/{rel}","templated":true}]}}