{"id":27753,"date":"2023-04-07T23:10:01","date_gmt":"2023-04-08T02:10:01","guid":{"rendered":"https:\/\/www.oparanews.com.br\/?p=27753"},"modified":"2023-04-07T23:10:01","modified_gmt":"2023-04-08T02:10:01","slug":"vereador-bili-marques-requer-iluminacao-para-quadra-do-conjunto-rosete-andrade-e-reparos-em-ruas-do-loteamento-santa-madalena","status":"publish","type":"post","link":"https:\/\/www.oparanews.com.br\/index.php\/2023\/04\/07\/vereador-bili-marques-requer-iluminacao-para-quadra-do-conjunto-rosete-andrade-e-reparos-em-ruas-do-loteamento-santa-madalena\/","title":{"rendered":"Vereador Bili Marques requer ilumina\u00e7\u00e3o para quadra do Conjunto Rosete Andrade e reparos em ruas do Loteamento Santa Madalena"},"content":{"rendered":"<p>O Vereador Bili Marques (Josu\u00e9 Marques da Silva) requer da Prefeitura de Penedo ilumina\u00e7\u00e3o para a quadra 14 do Conjunto Rosete Andrade e reparos urgentes em ruas do Loteamento Santa Madalena que ligam ao Conjunto Rosete devido ao esgoto em c\u00e9u aberto e buracos nas vias de curta extens\u00e3o.<\/p>\n<p>&nbsp;<\/p>\n<p>O parlamentar tamb\u00e9m enalteceu os trabalhos desenvolvidos pelo Prefeito Ronaldo Lopes na Secretaria Municipal de Educa\u00e7\u00e3o pelo gestor Luciano Lucena, destacando o in\u00edcio do sistema de tempo integral na Escola Douglas Apratto Ten\u00f3rio.<\/p>\n<p>&nbsp;<\/p>\n<p>&nbsp;<\/p>\n<p>&nbsp;<\/p>\n<p><strong>Fonte: Ascom CMP<\/strong><\/p>\n<p>&nbsp;<\/p>\n","protected":false},"excerpt":{"rendered":"<p>O Vereador Bili Marques (Josu\u00e9 Marques da Silva) requer da Prefeitura de Penedo ilumina\u00e7\u00e3o para a quadra 14 do Conjunto Rosete Andrade e reparos urgentes em ruas do Loteamento Santa Madalena que ligam ao Conjunto Rosete devido ao esgoto em c\u00e9u aberto e buracos nas vias de curta extens\u00e3o. &nbsp; O parlamentar tamb\u00e9m enalteceu os &hellip;<\/p>\n","protected":false},"author":2,"featured_media":27754,"comment_status":"open","ping_status":"open","sticky":false,"template":"","format":"standard","meta":{"_jetpack_memberships_contains_paid_content":false,"footnotes":""},"categories":[1,3],"tags":[],"class_list":["post-27753","post","type-post","status-publish","format-standard","has-post-thumbnail","hentry","category-destaque","category-penedo"],"jetpack_featured_media_url":"https:\/\/www.oparanews.com.br\/wp-content\/uploads\/2023\/04\/vereador-bili-marques.jpeg","jetpack_sharing_enabled":true,"_links":{"self":[{"href":"https:\/\/www.oparanews.com.br\/index.php\/wp-json\/wp\/v2\/posts\/27753","targetHints":{"allow":["GET"]}}],"collection":[{"href":"https:\/\/www.oparanews.com.br\/index.php\/wp-json\/wp\/v2\/posts"}],"about":[{"href":"https:\/\/www.oparanews.com.br\/index.php\/wp-json\/wp\/v2\/types\/post"}],"author":[{"embeddable":true,"href":"https:\/\/www.oparanews.com.br\/index.php\/wp-json\/wp\/v2\/users\/2"}],"replies":[{"embeddable":true,"href":"https:\/\/www.oparanews.com.br\/index.php\/wp-json\/wp\/v2\/comments?post=27753"}],"version-history":[{"count":1,"href":"https:\/\/www.oparanews.com.br\/index.php\/wp-json\/wp\/v2\/posts\/27753\/revisions"}],"predecessor-version":[{"id":27755,"href":"https:\/\/www.oparanews.com.br\/index.php\/wp-json\/wp\/v2\/posts\/27753\/revisions\/27755"}],"wp:featuredmedia":[{"embeddable":true,"href":"https:\/\/www.oparanews.com.br\/index.php\/wp-json\/wp\/v2\/media\/27754"}],"wp:attachment":[{"href":"https:\/\/www.oparanews.com.br\/index.php\/wp-json\/wp\/v2\/media?parent=27753"}],"wp:term":[{"taxonomy":"category","embeddable":true,"href":"https:\/\/www.oparanews.com.br\/index.php\/wp-json\/wp\/v2\/categories?post=27753"},{"taxonomy":"post_tag","embeddable":true,"href":"https:\/\/www.oparanews.com.br\/index.php\/wp-json\/wp\/v2\/tags?post=27753"}],"curies":[{"name":"wp","href":"https:\/\/api.w.org\/{rel}","templated":true}]}}