{"id":27759,"date":"2023-04-07T23:15:56","date_gmt":"2023-04-08T02:15:56","guid":{"rendered":"https:\/\/www.oparanews.com.br\/?p=27759"},"modified":"2023-04-07T23:15:56","modified_gmt":"2023-04-08T02:15:56","slug":"prefeitura-de-penedo-divulga-programacao-alusiva-ao-aniversario-de-387-anos","status":"publish","type":"post","link":"https:\/\/www.oparanews.com.br\/index.php\/2023\/04\/07\/prefeitura-de-penedo-divulga-programacao-alusiva-ao-aniversario-de-387-anos\/","title":{"rendered":"Prefeitura de Penedo divulga programa\u00e7\u00e3o alusiva ao anivers\u00e1rio de 387 anos"},"content":{"rendered":"<p>No pr\u00f3ximo dia 12 de abril, Penedo comemora 387 anos do reconhecimento do ent\u00e3o povoado ribeirinho como vila, ato decretado pelo imp\u00e9rio portugu\u00eas. E para celebrar a data desse anivers\u00e1rio oficial, a cidade ganha programa\u00e7\u00e3o cultural, festiva e investimentos.<\/p>\n<p>&nbsp;<\/p>\n<p>Os atos oficiais come\u00e7am \u00e0s 7 horas da pr\u00f3xima quarta-feira, 12, com hasteamento dos pavilh\u00f5es e pronunciamentos das autoridades no Pa\u00e7o Municipal, em frente da sede da Prefeitura de Penedo.<\/p>\n<p>&nbsp;<\/p>\n<p><strong>Confira a programa\u00e7\u00e3o cultural<\/strong><\/p>\n<p>&nbsp;<\/p>\n<p><strong>Quarta-feira, 12 de Abril<\/strong><\/p>\n<p>&nbsp;<\/p>\n<p>Theatro Sete de Setembro \u2013 Espet\u00e1culo \u2018A Inf\u00e2ncia da Inoc\u00eancia\u2019, escrito e interpretado por Daniela Catt\u00edvaz, atriz e dramaturga penedense. Entrada gratuita, hor\u00e1rio 19 horas<\/p>\n<p>&nbsp;<\/p>\n<p>Pra\u00e7a 12 de Abril \u2013 Shows com artistas penendeses Joan Felipe, Elaine Nascimento, Mumba\u00e7a,Juh Imperadora e Sabrina Lobo. Aberto ao p\u00fablico, a partir das 20 horas.<\/p>\n<p>&nbsp;<\/p>\n<p><strong>Quinta-feira, 13 Abril<\/strong><\/p>\n<p>&nbsp;<\/p>\n<p>Prefeito Ronaldo Lopes e o Governador Paulo Dantas visitam obras e assinam ordem de servi\u00e7o para novos investimentos<\/p>\n<p>&nbsp;<\/p>\n<p><strong>Sexta-feira, 14 de Abril<\/strong><\/p>\n<p>&nbsp;<\/p>\n<p>Penedo Moto Fest no estacionamento da Prainha, a partir das 19 horas, com as seguintes atra\u00e7\u00f5es: Cores do Mar, Seu Madruga, Anjos Inocentes, Dudu Moral e Banda<\/p>\n<p>&nbsp;<\/p>\n<p><strong>S\u00e1bado, 15 de Abril<\/strong><\/p>\n<p>&nbsp;<\/p>\n<p>Penedo Moto Fest iniciando \u00e0s 16 horas, com Tarles Rosa Negra, Lambertus, Jam 80 e Rock em Dobro. Atra\u00e7\u00e3o especial Iguinho e Lulinha.<\/p>\n<p>&nbsp;<\/p>\n<p>Recital na Pra\u00e7a J\u00e1come Calheiros, \u00e0s 19 horas, Associa\u00e7\u00e3o de Poetas e Escritores de Penedo<\/p>\n<p>&nbsp;<\/p>\n<p>Encontro de M\u00fasica Sacra de Penedo na Igreja e Convento Santa Maria dos Anjos, a partir das 19 horas, com a participa\u00e7\u00e3o de cinco grupos de canto coral<\/p>\n<p>&nbsp;<\/p>\n<p>&nbsp;<\/p>\n<p>&nbsp;<\/p>\n<p><strong>Fonte: Secom PMP<\/strong><\/p>\n<p>&nbsp;<\/p>\n","protected":false},"excerpt":{"rendered":"<p>No pr\u00f3ximo dia 12 de abril, Penedo comemora 387 anos do reconhecimento do ent\u00e3o povoado ribeirinho como vila, ato decretado pelo imp\u00e9rio portugu\u00eas. E para celebrar a data desse anivers\u00e1rio oficial, a cidade ganha programa\u00e7\u00e3o cultural, festiva e investimentos. &nbsp; Os atos oficiais come\u00e7am \u00e0s 7 horas da pr\u00f3xima quarta-feira, 12, com hasteamento dos pavilh\u00f5es &hellip;<\/p>\n","protected":false},"author":2,"featured_media":27760,"comment_status":"open","ping_status":"open","sticky":false,"template":"","format":"standard","meta":{"_jetpack_memberships_contains_paid_content":false,"footnotes":""},"categories":[1,3],"tags":[],"class_list":["post-27759","post","type-post","status-publish","format-standard","has-post-thumbnail","hentry","category-destaque","category-penedo"],"jetpack_featured_media_url":"https:\/\/www.oparanews.com.br\/wp-content\/uploads\/2023\/04\/igreja-da-corrente-penedo.jpeg","jetpack_sharing_enabled":true,"_links":{"self":[{"href":"https:\/\/www.oparanews.com.br\/index.php\/wp-json\/wp\/v2\/posts\/27759","targetHints":{"allow":["GET"]}}],"collection":[{"href":"https:\/\/www.oparanews.com.br\/index.php\/wp-json\/wp\/v2\/posts"}],"about":[{"href":"https:\/\/www.oparanews.com.br\/index.php\/wp-json\/wp\/v2\/types\/post"}],"author":[{"embeddable":true,"href":"https:\/\/www.oparanews.com.br\/index.php\/wp-json\/wp\/v2\/users\/2"}],"replies":[{"embeddable":true,"href":"https:\/\/www.oparanews.com.br\/index.php\/wp-json\/wp\/v2\/comments?post=27759"}],"version-history":[{"count":1,"href":"https:\/\/www.oparanews.com.br\/index.php\/wp-json\/wp\/v2\/posts\/27759\/revisions"}],"predecessor-version":[{"id":27761,"href":"https:\/\/www.oparanews.com.br\/index.php\/wp-json\/wp\/v2\/posts\/27759\/revisions\/27761"}],"wp:featuredmedia":[{"embeddable":true,"href":"https:\/\/www.oparanews.com.br\/index.php\/wp-json\/wp\/v2\/media\/27760"}],"wp:attachment":[{"href":"https:\/\/www.oparanews.com.br\/index.php\/wp-json\/wp\/v2\/media?parent=27759"}],"wp:term":[{"taxonomy":"category","embeddable":true,"href":"https:\/\/www.oparanews.com.br\/index.php\/wp-json\/wp\/v2\/categories?post=27759"},{"taxonomy":"post_tag","embeddable":true,"href":"https:\/\/www.oparanews.com.br\/index.php\/wp-json\/wp\/v2\/tags?post=27759"}],"curies":[{"name":"wp","href":"https:\/\/api.w.org\/{rel}","templated":true}]}}