{"id":27781,"date":"2023-04-09T23:31:24","date_gmt":"2023-04-10T02:31:24","guid":{"rendered":"https:\/\/www.oparanews.com.br\/?p=27781"},"modified":"2023-04-09T23:31:24","modified_gmt":"2023-04-10T02:31:24","slug":"sede-da-codevasf-saira-de-penedo-para-maceio-confirma-jornal-o-globo","status":"publish","type":"post","link":"https:\/\/www.oparanews.com.br\/index.php\/2023\/04\/09\/sede-da-codevasf-saira-de-penedo-para-maceio-confirma-jornal-o-globo\/","title":{"rendered":"Sede da CODEVASF sair\u00e1 de Penedo para Macei\u00f3, confirma Jornal O Globo"},"content":{"rendered":"<p>O Jornal O Globo publicou uma mat\u00e9ria confirmando a sa\u00edda da sede da CODEVASF de Penedo para Macei\u00f3, o que tem gerado controv\u00e9rsias por parte da oposi\u00e7\u00e3o e grande descontentamento na regi\u00e3o. O prefeito de Penedo, Ronaldo Lopes, tem se posicionado contra essa decis\u00e3o e lutado em defesa do interesse de sua cidade e dos munic\u00edpios do interior da bacia do S\u00e3o Francisco.<\/p>\n<p>&nbsp;<\/p>\n<p><strong>Diz o jornal:<\/strong><\/p>\n<p>&nbsp;<\/p>\n<p>Avan\u00e7os de Lira e Uni\u00e3o Brasil em cargos de estatais provocam rea\u00e7\u00f5es do PT. Lula ampliou espa\u00e7o para Lira e UB, Codevasf, Dnocs. Esta distribui\u00e7\u00e3o de olho na aprova\u00e7\u00e3o de temas como o novo arcabou\u00e7o fiscal e a MP da reforma ministerial. Em comum, os dois \u00f3rg\u00e3os t\u00eam capilaridade e or\u00e7amento robusto em 2023: R$ 1,8 bi para a Codevasf e R$ 900 mi para o Dnocs. Em AL a influ\u00eancia de Lira na Codevasf envolveu at\u00e9 uma transfer\u00eancia de sede, aprovada pelo Conselho de Administra\u00e7\u00e3o. A superintend\u00eancia alagoana passa a operar na capital Macei\u00f3, enquanto o munic\u00edpio de Penedo, sede atual, ficar\u00e1 com um escrit\u00f3rio de apoio. A redu\u00e7\u00e3o da estrutura gerou uma reclama\u00e7\u00e3o p\u00fablica do prefeito de Penedo, Ronaldo Lopes (MDB), que a considerou &#8220;muito prejudicial&#8221; aos munic\u00edpios do interior na bacia do S\u00e3o Francisco, o que n\u00e3o \u00e9 o caso da capital. A troca foi atribu\u00edda por aliados do senador Renan Calheiros, a uma demonstra\u00e7\u00e3o de for\u00e7a de Lira, que, em entrevista a r\u00e1dio local elogiou a opera\u00e7\u00e3o Codevasf, irrigada pelo or\u00e7amento.<\/p>\n<p>&nbsp;<\/p>\n<p>Recentemente, o pol\u00edtico Guilherme Lopes, filho do prefeito Ronaldo Lopes, anunciou a sa\u00edda da sede da CODEVASF em seu programa de r\u00e1dio na Penedo FM, gerando rea\u00e7\u00f5es da oposi\u00e7\u00e3o que apoia Arthur Lira, atual Deputado Federal e respons\u00e1vel pela ger\u00eancia da CODEVASF. Por\u00e9m, a declara\u00e7\u00e3o de Guilherme Lopes foi inicialmente negada por aliados de Arthur Lira.<\/p>\n<p>&nbsp;<\/p>\n<p>Em entrevista concedida em r\u00e1dio local, o Deputado Federal Arthur Lira desmentiu a mudan\u00e7a da sede da CODEVASF para Macei\u00f3 e insinuou que o prefeito Ronaldo Lopes e o pol\u00edtico Guilherme Lopes estariam criando um fato inver\u00eddico que criava um descontentamento na popula\u00e7\u00e3o.<\/p>\n<p>&nbsp;<\/p>\n<p>Ap\u00f3s a repercuss\u00e3o da entrevista, o prefeito Ronaldo tratou de comprovar em um programa de r\u00e1dio o documento que provava a sa\u00edda da sede da CODEVASF para a capital alagoana, e fez ainda um apelo para que Arthur Lira usasse sua influ\u00eancia como Presidente da C\u00e2mara e n\u00e3o permitisse que isso acontecesse.<\/p>\n<p>&nbsp;<\/p>\n<p>A mat\u00e9ria publicada pelo Jornal O Globo tamb\u00e9m confirma a transfer\u00eancia da superintend\u00eancia alagoana da CODEVASF para a capital Macei\u00f3, com Penedo ficando apenas com um escrit\u00f3rio de apoio. Essa redu\u00e7\u00e3o da estrutura da CODEVASF na regi\u00e3o tem sido criticada pelo prefeito Ronaldo Lopes, que considera a decis\u00e3o &#8220;muito prejudicial&#8221; aos munic\u00edpios do interior da bacia do S\u00e3o Francisco.<\/p>\n<p>&nbsp;<\/p>\n<p>Essa mudan\u00e7a na sede da CODEVASF tem sido atribu\u00edda por aliados do senador Renan Calheiros como uma demonstra\u00e7\u00e3o de for\u00e7a de Arthur Lira, que tem ampliado sua influ\u00eancia na CODEVASF e em outros \u00f3rg\u00e3os estatais, conforme noticiado pelo Jornal O Globo. O prefeito Ronaldo Lopes tem se posicionado em defesa dos interesses de Penedo e dos munic\u00edpios do interior da bacia do S\u00e3o Francisco, buscando reverter essa decis\u00e3o que considera prejudicial para a regi\u00e3o.<\/p>\n<p>&nbsp;<\/p>\n<p>Nesse contexto, o prefeito Ronaldo Lopes continua lutando para que a sede da CODEVASF permane\u00e7a em Penedo, buscando o apoio da popula\u00e7\u00e3o e dos demais representantes pol\u00edticos da regi\u00e3o. \u00c9 importante destacar a preocupa\u00e7\u00e3o com os impactos que essa mudan\u00e7a pode trazer para os munic\u00edpios do interior da bacia do S\u00e3o Francisco, e a necessidade de uma decis\u00e3o que leve em considera\u00e7\u00e3o o desenvolvimento econ\u00f4mico e social de toda a regi\u00e3o, em especial dos munic\u00edpios mais vulner\u00e1veis.<\/p>\n<p>&nbsp;<\/p>\n<p>&nbsp;<\/p>\n<p>&nbsp;<\/p>\n<p><strong>Fonte: 7Segundos<\/strong><\/p>\n<p>&nbsp;<\/p>\n","protected":false},"excerpt":{"rendered":"<p>O Jornal O Globo publicou uma mat\u00e9ria confirmando a sa\u00edda da sede da CODEVASF de Penedo para Macei\u00f3, o que tem gerado controv\u00e9rsias por parte da oposi\u00e7\u00e3o e grande descontentamento na regi\u00e3o. O prefeito de Penedo, Ronaldo Lopes, tem se posicionado contra essa decis\u00e3o e lutado em defesa do interesse de sua cidade e dos &hellip;<\/p>\n","protected":false},"author":2,"featured_media":27782,"comment_status":"open","ping_status":"open","sticky":false,"template":"","format":"standard","meta":{"_jetpack_memberships_contains_paid_content":false,"footnotes":""},"categories":[1,3],"tags":[],"class_list":["post-27781","post","type-post","status-publish","format-standard","has-post-thumbnail","hentry","category-destaque","category-penedo"],"jetpack_featured_media_url":"https:\/\/www.oparanews.com.br\/wp-content\/uploads\/2023\/04\/codevasf-penedo.jpg","jetpack_sharing_enabled":true,"_links":{"self":[{"href":"https:\/\/www.oparanews.com.br\/index.php\/wp-json\/wp\/v2\/posts\/27781","targetHints":{"allow":["GET"]}}],"collection":[{"href":"https:\/\/www.oparanews.com.br\/index.php\/wp-json\/wp\/v2\/posts"}],"about":[{"href":"https:\/\/www.oparanews.com.br\/index.php\/wp-json\/wp\/v2\/types\/post"}],"author":[{"embeddable":true,"href":"https:\/\/www.oparanews.com.br\/index.php\/wp-json\/wp\/v2\/users\/2"}],"replies":[{"embeddable":true,"href":"https:\/\/www.oparanews.com.br\/index.php\/wp-json\/wp\/v2\/comments?post=27781"}],"version-history":[{"count":1,"href":"https:\/\/www.oparanews.com.br\/index.php\/wp-json\/wp\/v2\/posts\/27781\/revisions"}],"predecessor-version":[{"id":27783,"href":"https:\/\/www.oparanews.com.br\/index.php\/wp-json\/wp\/v2\/posts\/27781\/revisions\/27783"}],"wp:featuredmedia":[{"embeddable":true,"href":"https:\/\/www.oparanews.com.br\/index.php\/wp-json\/wp\/v2\/media\/27782"}],"wp:attachment":[{"href":"https:\/\/www.oparanews.com.br\/index.php\/wp-json\/wp\/v2\/media?parent=27781"}],"wp:term":[{"taxonomy":"category","embeddable":true,"href":"https:\/\/www.oparanews.com.br\/index.php\/wp-json\/wp\/v2\/categories?post=27781"},{"taxonomy":"post_tag","embeddable":true,"href":"https:\/\/www.oparanews.com.br\/index.php\/wp-json\/wp\/v2\/tags?post=27781"}],"curies":[{"name":"wp","href":"https:\/\/api.w.org\/{rel}","templated":true}]}}