{"id":27835,"date":"2023-04-14T13:55:45","date_gmt":"2023-04-14T16:55:45","guid":{"rendered":"https:\/\/www.oparanews.com.br\/?p=27835"},"modified":"2023-04-14T13:55:45","modified_gmt":"2023-04-14T16:55:45","slug":"vida-nova-nas-grotas-melhora-qualidade-de-vida-de-centenas-de-familias-em-penedo","status":"publish","type":"post","link":"https:\/\/www.oparanews.com.br\/index.php\/2023\/04\/14\/vida-nova-nas-grotas-melhora-qualidade-de-vida-de-centenas-de-familias-em-penedo\/","title":{"rendered":"Vida Nova nas Grotas melhora qualidade de vida de centenas de fam\u00edlias em Penedo"},"content":{"rendered":"<p>Maio de 2022. Lucas e Adriana precisam deixar, \u00e0s pressas, a casa de taipa onde viviam com os filhos Alexia Emmanuele e Yuri Samuel. O inverno come\u00e7ava com chuva recorde em Penedo, causando destrui\u00e7\u00e3o, inclusive da moradia do casal situada na Bras\u00edlia, comunidade de dif\u00edcil acesso localizada no Barro Vermelho.<\/p>\n<p>&nbsp;<\/p>\n<p>Abril de 2023. Lucas e Adriana recebem das m\u00e3os do Governador Paulo Dantas e do Prefeito Ronaldo Lopes as chaves do novo lar. A casa agora \u00e9 toda de alvenaria, tem mais c\u00f4modos, um telhado seguro, banheiro amplo revestido com cer\u00e2mica, cozinha, caixa d\u2019\u00e1gua e \u2018at\u00e9 varanda pro quintal\u2019, acrescenta Adriana Farias.<\/p>\n<p>&nbsp;<\/p>\n<p>Em menos de um ano, as pol\u00edticas p\u00fablicas desenvolvidas pelo Governador Paulo Dantas e o Prefeito Ronaldo Lopes transformaram a \u2018Bras\u00edlia de Penedo\u2019 em um lugar digno de se morar.<\/p>\n<p><a href=\"http:\/\/www.oparanews.com.br\/wp-content\/uploads\/2023\/04\/vida-nova-nas-grotas-penedo-foto-deywisson-duarte-2.jpg\"><img loading=\"lazy\" decoding=\"async\" class=\"aligncenter size-full wp-image-27839\" src=\"http:\/\/www.oparanews.com.br\/wp-content\/uploads\/2023\/04\/vida-nova-nas-grotas-penedo-foto-deywisson-duarte-2.jpg\" alt=\"\" width=\"1280\" height=\"853\" srcset=\"https:\/\/www.oparanews.com.br\/wp-content\/uploads\/2023\/04\/vida-nova-nas-grotas-penedo-foto-deywisson-duarte-2.jpg 1280w, https:\/\/www.oparanews.com.br\/wp-content\/uploads\/2023\/04\/vida-nova-nas-grotas-penedo-foto-deywisson-duarte-2-300x200.jpg 300w, https:\/\/www.oparanews.com.br\/wp-content\/uploads\/2023\/04\/vida-nova-nas-grotas-penedo-foto-deywisson-duarte-2-1024x682.jpg 1024w, https:\/\/www.oparanews.com.br\/wp-content\/uploads\/2023\/04\/vida-nova-nas-grotas-penedo-foto-deywisson-duarte-2-768x512.jpg 768w\" sizes=\"auto, (max-width: 1280px) 100vw, 1280px\" \/><\/a><\/p>\n<p>A comprova\u00e7\u00e3o est\u00e1 no relato de quem vive no local. \u201cA nossa primeira casa s\u00f3 tinha um quarto, o resto era praticamente um v\u00e3o com um banheiro pequeno. Quando a chuva derrubou ela, a prefeitura levou a gente e outros moradores daqui do Barro Vermelho para ficar abrigado na escola. Com menos de um m\u00eas, deram uma casa de aluguel pra gente morar e agora recebemos esse sonho\u201d, disse Adriana Farias.<\/p>\n<p>&nbsp;<\/p>\n<p>Al\u00e9m do benef\u00edcio do aluguel social pago pela Prefeitura de Penedo, a fam\u00edlia inserida no Bolsa Fam\u00edlia tamb\u00e9m recebeu Aux\u00edlio Chuva, criado por Paulo Dantas, e foi inclu\u00edda no Crian\u00e7a Alagoana (CRIA) porque o ca\u00e7ula do casal tem menos de 2 anos de vida.<\/p>\n<p>&nbsp;<\/p>\n<p>J\u00e1 filha de Lucas e Adriana estuda na primeira escola de tempo integral da rede p\u00fablica municipal, a Douglas Apratto Ten\u00f3rio, situada ali mesmo, no Barro Vermelho, como o bairro Santo Ant\u00f4nio \u00e9 mais conhecido.<\/p>\n<p><a href=\"http:\/\/www.oparanews.com.br\/wp-content\/uploads\/2023\/04\/vida-nova-nas-grotas-penedo.jpeg\"><img loading=\"lazy\" decoding=\"async\" class=\"aligncenter size-full wp-image-27838\" src=\"http:\/\/www.oparanews.com.br\/wp-content\/uploads\/2023\/04\/vida-nova-nas-grotas-penedo.jpeg\" alt=\"\" width=\"1600\" height=\"900\" srcset=\"https:\/\/www.oparanews.com.br\/wp-content\/uploads\/2023\/04\/vida-nova-nas-grotas-penedo.jpeg 1600w, https:\/\/www.oparanews.com.br\/wp-content\/uploads\/2023\/04\/vida-nova-nas-grotas-penedo-300x169.jpeg 300w, https:\/\/www.oparanews.com.br\/wp-content\/uploads\/2023\/04\/vida-nova-nas-grotas-penedo-1024x576.jpeg 1024w, https:\/\/www.oparanews.com.br\/wp-content\/uploads\/2023\/04\/vida-nova-nas-grotas-penedo-768x432.jpeg 768w, https:\/\/www.oparanews.com.br\/wp-content\/uploads\/2023\/04\/vida-nova-nas-grotas-penedo-1536x864.jpeg 1536w, https:\/\/www.oparanews.com.br\/wp-content\/uploads\/2023\/04\/vida-nova-nas-grotas-penedo-390x220.jpeg 390w\" sizes=\"auto, (max-width: 1600px) 100vw, 1600px\" \/><\/a><\/p>\n<p>Adriana e Lucas residem na primeira comunidade de Penedo atendida com o Vida Nova nas Grotas e o Vida Nova na Sua Casa, inaugurados nesta quinta-feira, 14. A interioriza\u00e7\u00e3o dos programas \u00e9 resultado do compromisso de Paulo Dantas e Ronaldo Lopes em atender, de forma priorit\u00e1ria, a popula\u00e7\u00e3o de baixa renda.<\/p>\n<p>&nbsp;<\/p>\n<p>Os investimentos que beneficiam diretamente cerca de 750 moradores da comunidade antes relegada pelo poder p\u00fablico tamb\u00e9m incluem melhorias habitacionais, a\u00e7\u00e3o ainda em sua primeira etapa para o total de 312 unidades, conclu\u00eddas em 72 casas da Bras\u00edlia, al\u00e9m de tr\u00eas moradias reconstru\u00eddas, entre elas a do casal que n\u00e3o cabia em tanta felicidade.<\/p>\n<p><a href=\"http:\/\/www.oparanews.com.br\/wp-content\/uploads\/2023\/04\/guilherme-ana-teresa-lopes-penedo-foto-deywisson-duarte.jpg\"><img loading=\"lazy\" decoding=\"async\" class=\"aligncenter size-full wp-image-27836\" src=\"http:\/\/www.oparanews.com.br\/wp-content\/uploads\/2023\/04\/guilherme-ana-teresa-lopes-penedo-foto-deywisson-duarte.jpg\" alt=\"\" width=\"1280\" height=\"853\" srcset=\"https:\/\/www.oparanews.com.br\/wp-content\/uploads\/2023\/04\/guilherme-ana-teresa-lopes-penedo-foto-deywisson-duarte.jpg 1280w, https:\/\/www.oparanews.com.br\/wp-content\/uploads\/2023\/04\/guilherme-ana-teresa-lopes-penedo-foto-deywisson-duarte-300x200.jpg 300w, https:\/\/www.oparanews.com.br\/wp-content\/uploads\/2023\/04\/guilherme-ana-teresa-lopes-penedo-foto-deywisson-duarte-1024x682.jpg 1024w, https:\/\/www.oparanews.com.br\/wp-content\/uploads\/2023\/04\/guilherme-ana-teresa-lopes-penedo-foto-deywisson-duarte-768x512.jpg 768w\" sizes=\"auto, (max-width: 1280px) 100vw, 1280px\" \/><\/a><\/p>\n<p>\u201cNo in\u00edcio, eu n\u00e3o acreditei porque outros pol\u00edticos j\u00e1 passaram por aqui e falaram que iam melhorar as condi\u00e7\u00f5es da Bras\u00edlia, mas s\u00f3 estamos vendo isso agora. Ent\u00e3o agradecemos primeiro a Deus e depois ao Prefeito Ronaldo Lopes e ao Governador Paulo Dantas\u201d, afirma o gari Lucas Santos Ros\u00e1rio. \u201cEsses dois vieram foi pra fazer mesmo, n\u00e3o foi s\u00f3 pra dizer, como fizeram os outros\u201d, acrescenta Adriana.<\/p>\n<p>&nbsp;<\/p>\n<p>E vem mais por a\u00ed. Em seu discurso, Paulo Dantas destacou o apoio do Presidente Lula e do MDB para Alagoas, ampliando os acertos do governo Renan Filho \u2013 senador e atual Ministro dos Transportes \u2013 e impulsionando o plano de trabalho do atual governador alagoano.<\/p>\n<p>&nbsp;<\/p>\n<p>Ronaldo Lopes frisou que a popula\u00e7\u00e3o de Penedo sabe que a sua gest\u00e3o e a de Paulo Dantas fazem a op\u00e7\u00e3o por quem mais precisa, citando outros investimentos que geram melhor qualidade de vida, como a pavimenta\u00e7\u00e3o de vias p\u00fablicas que totalizam 16 quil\u00f4metros de asfalto, al\u00e9m das vias p\u00fablicas pavimentadas pela Prefeitura de Penedo com paralelep\u00edpedo ou placas de concreto.<\/p>\n<p><a href=\"http:\/\/www.oparanews.com.br\/wp-content\/uploads\/2023\/04\/ronaldo-lopes-paulo-dantas-foto-pey-fon-secom-al.jpg\"><img loading=\"lazy\" decoding=\"async\" class=\"aligncenter size-full wp-image-27837\" src=\"http:\/\/www.oparanews.com.br\/wp-content\/uploads\/2023\/04\/ronaldo-lopes-paulo-dantas-foto-pey-fon-secom-al.jpg\" alt=\"\" width=\"1440\" height=\"960\" srcset=\"https:\/\/www.oparanews.com.br\/wp-content\/uploads\/2023\/04\/ronaldo-lopes-paulo-dantas-foto-pey-fon-secom-al.jpg 1440w, https:\/\/www.oparanews.com.br\/wp-content\/uploads\/2023\/04\/ronaldo-lopes-paulo-dantas-foto-pey-fon-secom-al-300x200.jpg 300w, https:\/\/www.oparanews.com.br\/wp-content\/uploads\/2023\/04\/ronaldo-lopes-paulo-dantas-foto-pey-fon-secom-al-1024x683.jpg 1024w, https:\/\/www.oparanews.com.br\/wp-content\/uploads\/2023\/04\/ronaldo-lopes-paulo-dantas-foto-pey-fon-secom-al-768x512.jpg 768w\" sizes=\"auto, (max-width: 1440px) 100vw, 1440px\" \/><\/a><\/p>\n<p>A solenidade desta quinta-feira, 13, tamb\u00e9m foi marcada pela entrega de placas comemorativas dos 837 anos de anivers\u00e1rio da cidade, di\u00e1logos com o povo e os vereadores penedenses e ainda a assinatura da ordem de servi\u00e7o para a constru\u00e7\u00e3o da Escola Municipal Santa Luzia, que substituir\u00e1 o antigo CAIC, e a cess\u00e3o da antiga Delegacia da Pol\u00edcia Civil para sediar a Guarda Municipal Patrimonial e Sala de Videomonitoramento de Penedo.<\/p>\n<p>&nbsp;<\/p>\n<p>&nbsp;<\/p>\n<p><strong>Fonte: Secom PMP<\/strong><\/p>\n<p>&nbsp;<\/p>\n","protected":false},"excerpt":{"rendered":"<p>Maio de 2022. Lucas e Adriana precisam deixar, \u00e0s pressas, a casa de taipa onde viviam com os filhos Alexia Emmanuele e Yuri Samuel. O inverno come\u00e7ava com chuva recorde em Penedo, causando destrui\u00e7\u00e3o, inclusive da moradia do casal situada na Bras\u00edlia, comunidade de dif\u00edcil acesso localizada no Barro Vermelho. &nbsp; Abril de 2023. Lucas &hellip;<\/p>\n","protected":false},"author":2,"featured_media":27840,"comment_status":"open","ping_status":"open","sticky":false,"template":"","format":"standard","meta":{"_jetpack_memberships_contains_paid_content":false,"footnotes":""},"categories":[1,3],"tags":[],"class_list":["post-27835","post","type-post","status-publish","format-standard","has-post-thumbnail","hentry","category-destaque","category-penedo"],"jetpack_featured_media_url":"https:\/\/www.oparanews.com.br\/wp-content\/uploads\/2023\/04\/vida-nova-nas-grotas-penedo-foto-pey-fon-secom-al.jpg","jetpack_sharing_enabled":true,"_links":{"self":[{"href":"https:\/\/www.oparanews.com.br\/index.php\/wp-json\/wp\/v2\/posts\/27835","targetHints":{"allow":["GET"]}}],"collection":[{"href":"https:\/\/www.oparanews.com.br\/index.php\/wp-json\/wp\/v2\/posts"}],"about":[{"href":"https:\/\/www.oparanews.com.br\/index.php\/wp-json\/wp\/v2\/types\/post"}],"author":[{"embeddable":true,"href":"https:\/\/www.oparanews.com.br\/index.php\/wp-json\/wp\/v2\/users\/2"}],"replies":[{"embeddable":true,"href":"https:\/\/www.oparanews.com.br\/index.php\/wp-json\/wp\/v2\/comments?post=27835"}],"version-history":[{"count":1,"href":"https:\/\/www.oparanews.com.br\/index.php\/wp-json\/wp\/v2\/posts\/27835\/revisions"}],"predecessor-version":[{"id":27841,"href":"https:\/\/www.oparanews.com.br\/index.php\/wp-json\/wp\/v2\/posts\/27835\/revisions\/27841"}],"wp:featuredmedia":[{"embeddable":true,"href":"https:\/\/www.oparanews.com.br\/index.php\/wp-json\/wp\/v2\/media\/27840"}],"wp:attachment":[{"href":"https:\/\/www.oparanews.com.br\/index.php\/wp-json\/wp\/v2\/media?parent=27835"}],"wp:term":[{"taxonomy":"category","embeddable":true,"href":"https:\/\/www.oparanews.com.br\/index.php\/wp-json\/wp\/v2\/categories?post=27835"},{"taxonomy":"post_tag","embeddable":true,"href":"https:\/\/www.oparanews.com.br\/index.php\/wp-json\/wp\/v2\/tags?post=27835"}],"curies":[{"name":"wp","href":"https:\/\/api.w.org\/{rel}","templated":true}]}}